{"id":5392,"date":"2016-08-30T00:00:00","date_gmt":"2016-08-29T21:00:00","guid":{"rendered":"http:\/\/tarimhaber.com\/?p=5392"},"modified":"2016-08-30T00:00:00","modified_gmt":"2016-08-29T21:00:00","slug":"yasak-bitiyor-1-eylulde-vira-bismillah","status":"publish","type":"post","link":"https:\/\/tarimhaber.com\/?p=5392","title":{"rendered":"Yasak bitiyor.. 1 Eyl\u00fcl\u2019de \u2019vira bismillah\u2019"},"content":{"rendered":"<p>Y\u0131pranm\u0131\u015f a\u011flar\u0131n\u0131 onaran, motor ve radar bak\u0131mlar\u0131n\u0131 yapan, teknelerini yenileyen bal\u0131k\u00e7\u0131lar, bereketli bir sezon i\u00e7in 1 Eyl\u00fcl\u2019de &#8220;vira bismillah&#8221; diyerek, derya kuzular\u0131n\u0131n pe\u015fine d\u00fc\u015fecek. Bal\u0131k\u00e7\u0131lar, 15 Nisan\u2019da y\u00fcr\u00fcrl\u00fc\u011fe giren av yasa\u011f\u0131 sonras\u0131 ilk olarak gemi ve botlar\u0131n\u0131 elden ge\u00e7irerek, motor ve radar bak\u0131mlar\u0131n\u0131 yapt\u0131. Bal\u0131k\u00e7\u0131lar daha sonra y\u0131pranm\u0131\u015f a\u011flar\u0131n\u0131 tamir etti. Onard\u0131klar\u0131 a\u011flar\u0131 gemilere alan, botlar\u0131 suya indiren bal\u0131k\u00e7\u0131lar, denize kavu\u015facaklar\u0131 g\u00fcn\u00fc bekliyor.<\/p>\n","protected":false},"excerpt":{"rendered":"<p>Y\u0131pranm\u0131\u015f a\u011flar\u0131n\u0131 onaran, motor ve radar bak\u0131mlar\u0131n\u0131 yapan, teknelerini yenileyen bal\u0131k\u00e7\u0131lar, bereketli bir sezon i\u00e7in 1 Eyl\u00fcl\u2019de &#8220;vira bismillah&#8221; diyerek, derya kuzular\u0131n\u0131n pe\u015fine d\u00fc\u015fecek. Bal\u0131k\u00e7\u0131lar, 15 Nisan\u2019da y\u00fcr\u00fcrl\u00fc\u011fe giren av&hellip;<\/p>\n","protected":false},"author":1,"featured_media":0,"comment_status":"open","ping_status":"open","sticky":false,"template":"","format":"standard","meta":{"footnotes":""},"categories":[2],"tags":[1779],"class_list":["post-5392","post","type-post","status-publish","format-standard","hentry","category-tarimgentr","tag-http-www-haberler-com-marmarali-balikcilar-vira-bismillah-demeye-hazir-8739508-haberi"],"_links":{"self":[{"href":"https:\/\/tarimhaber.com\/index.php?rest_route=\/wp\/v2\/posts\/5392","targetHints":{"allow":["GET"]}}],"collection":[{"href":"https:\/\/tarimhaber.com\/index.php?rest_route=\/wp\/v2\/posts"}],"about":[{"href":"https:\/\/tarimhaber.com\/index.php?rest_route=\/wp\/v2\/types\/post"}],"author":[{"embeddable":true,"href":"https:\/\/tarimhaber.com\/index.php?rest_route=\/wp\/v2\/users\/1"}],"replies":[{"embeddable":true,"href":"https:\/\/tarimhaber.com\/index.php?rest_route=%2Fwp%2Fv2%2Fcomments&post=5392"}],"version-history":[{"count":0,"href":"https:\/\/tarimhaber.com\/index.php?rest_route=\/wp\/v2\/posts\/5392\/revisions"}],"wp:attachment":[{"href":"https:\/\/tarimhaber.com\/index.php?rest_route=%2Fwp%2Fv2%2Fmedia&parent=5392"}],"wp:term":[{"taxonomy":"category","embeddable":true,"href":"https:\/\/tarimhaber.com\/index.php?rest_route=%2Fwp%2Fv2%2Fcategories&post=5392"},{"taxonomy":"post_tag","embeddable":true,"href":"https:\/\/tarimhaber.com\/index.php?rest_route=%2Fwp%2Fv2%2Ftags&post=5392"}],"curies":[{"name":"wp","href":"https:\/\/api.w.org\/{rel}","templated":true}]}}