{"id":5409,"date":"2016-09-20T00:00:00","date_gmt":"2016-09-19T21:00:00","guid":{"rendered":"http:\/\/tarimhaber.com\/?p=5409"},"modified":"2016-09-20T00:00:00","modified_gmt":"2016-09-19T21:00:00","slug":"tmo-taahhutname-karsiligi-celtik-alimina-basladi","status":"publish","type":"post","link":"https:\/\/tarimhaber.com\/?p=5409","title":{"rendered":"TMO Taahh\u00fctname Kar\u015f\u0131l\u0131\u011f\u0131 \u00c7eltik Al\u0131m\u0131na Ba\u015flad\u0131"},"content":{"rendered":"<p>Toprak Mahsulleri Ofisi Genel M\u00fcd\u00fcr\u00fc \u0130smail Kemalo\u011flu, &#8220;TMO \u00e7ift\u00e7iden gelen b\u00fct\u00fcn \u00fcr\u00fcn\u00fc almaya haz\u0131rd\u0131r. TMO bug\u00fcn itibariyle taahh\u00fctname kar\u015f\u0131l\u0131\u011f\u0131 kira \u00f6demeden \u00e7ift\u00e7inin \u00e7elti\u011fini almaya ba\u015flam\u0131\u015ft\u0131r.&#8221; dedi. \u0130psala Ticaret Borsas\u0131 Toplant\u0131 Salonu\u2019nda \u00e7eltik \u00fcreticileriyle bir araya gelen Kemalo\u011flu, TMO olarak bu y\u0131l bu\u011fday hasad\u0131nda rahat bir sezon ge\u00e7irdiklerini, T\u00fcrkiye genelinde \u00e7ift\u00e7ilerden 2.6 milyon ton bu\u011fday al\u0131m\u0131 yapt\u0131klar\u0131n\u0131 belirtti.<\/p>\n","protected":false},"excerpt":{"rendered":"<p>Toprak Mahsulleri Ofisi Genel M\u00fcd\u00fcr\u00fc \u0130smail Kemalo\u011flu, &#8220;TMO \u00e7ift\u00e7iden gelen b\u00fct\u00fcn \u00fcr\u00fcn\u00fc almaya haz\u0131rd\u0131r. TMO bug\u00fcn itibariyle taahh\u00fctname kar\u015f\u0131l\u0131\u011f\u0131 kira \u00f6demeden \u00e7ift\u00e7inin \u00e7elti\u011fini almaya ba\u015flam\u0131\u015ft\u0131r.&#8221; dedi. \u0130psala Ticaret Borsas\u0131 Toplant\u0131&hellip;<\/p>\n","protected":false},"author":1,"featured_media":0,"comment_status":"open","ping_status":"open","sticky":false,"template":"","format":"standard","meta":{"footnotes":""},"categories":[2],"tags":[2040],"class_list":["post-5409","post","type-post","status-publish","format-standard","hentry","category-tarimgentr","tag-http-www-haberler-com-tmo-taahhutname-karsiligi-celtik-alimina-basladi-8789771-haberi"],"_links":{"self":[{"href":"https:\/\/tarimhaber.com\/index.php?rest_route=\/wp\/v2\/posts\/5409","targetHints":{"allow":["GET"]}}],"collection":[{"href":"https:\/\/tarimhaber.com\/index.php?rest_route=\/wp\/v2\/posts"}],"about":[{"href":"https:\/\/tarimhaber.com\/index.php?rest_route=\/wp\/v2\/types\/post"}],"author":[{"embeddable":true,"href":"https:\/\/tarimhaber.com\/index.php?rest_route=\/wp\/v2\/users\/1"}],"replies":[{"embeddable":true,"href":"https:\/\/tarimhaber.com\/index.php?rest_route=%2Fwp%2Fv2%2Fcomments&post=5409"}],"version-history":[{"count":0,"href":"https:\/\/tarimhaber.com\/index.php?rest_route=\/wp\/v2\/posts\/5409\/revisions"}],"wp:attachment":[{"href":"https:\/\/tarimhaber.com\/index.php?rest_route=%2Fwp%2Fv2%2Fmedia&parent=5409"}],"wp:term":[{"taxonomy":"category","embeddable":true,"href":"https:\/\/tarimhaber.com\/index.php?rest_route=%2Fwp%2Fv2%2Fcategories&post=5409"},{"taxonomy":"post_tag","embeddable":true,"href":"https:\/\/tarimhaber.com\/index.php?rest_route=%2Fwp%2Fv2%2Ftags&post=5409"}],"curies":[{"name":"wp","href":"https:\/\/api.w.org\/{rel}","templated":true}]}}