{"id":5416,"date":"2016-09-25T00:00:00","date_gmt":"2016-09-24T21:00:00","guid":{"rendered":"http:\/\/tarimhaber.com\/?p=5416"},"modified":"2016-09-25T00:00:00","modified_gmt":"2016-09-24T21:00:00","slug":"tahliye-edilen-araziye-tarim-acik-cezaevi-yapilacak","status":"publish","type":"post","link":"https:\/\/tarimhaber.com\/?p=5416","title":{"rendered":"Tahliye Edilen Araziye Tar\u0131m A\u00e7\u0131k Cezaevi Yap\u0131lacak"},"content":{"rendered":"<p>Adana\u2019da a\u00e7\u0131k tar\u0131m cezaevi olmas\u0131 i\u00e7in Adalet Bakanl\u0131\u011f\u0131na devredilen ancak 22 y\u0131ld\u0131r baz\u0131 vatanda\u015flarca izinsiz \u015fekilde kullan\u0131lan 2 bin 128 d\u00f6n\u00fcm alan bo\u015falt\u0131l\u0131rken, arazinin 691 d\u00f6n\u00fcm\u00fcne 500 \u2019\u00e7ift\u00e7i h\u00fck\u00fcml\u00fc\u2019n\u00fcn bulunaca\u011f\u0131 T\u00fcrkiye\u2019nin en b\u00fcy\u00fck sulu tar\u0131m a\u00e7\u0131k ceza infaz kurumu yap\u0131lacak.<\/p>\n","protected":false},"excerpt":{"rendered":"<p>Adana\u2019da a\u00e7\u0131k tar\u0131m cezaevi olmas\u0131 i\u00e7in Adalet Bakanl\u0131\u011f\u0131na devredilen ancak 22 y\u0131ld\u0131r baz\u0131 vatanda\u015flarca izinsiz \u015fekilde kullan\u0131lan 2 bin 128 d\u00f6n\u00fcm alan bo\u015falt\u0131l\u0131rken, arazinin 691 d\u00f6n\u00fcm\u00fcne 500 \u2019\u00e7ift\u00e7i h\u00fck\u00fcml\u00fc\u2019n\u00fcn bulunaca\u011f\u0131&hellip;<\/p>\n","protected":false},"author":1,"featured_media":0,"comment_status":"open","ping_status":"open","sticky":false,"template":"","format":"standard","meta":{"footnotes":""},"categories":[2],"tags":[1309],"class_list":["post-5416","post","type-post","status-publish","format-standard","hentry","category-tarimgentr","tag-http-www-haberler-com-adana-tahliye-edilen-araziye-tarim-acik-cezaevi-8801638-haberi"],"_links":{"self":[{"href":"https:\/\/tarimhaber.com\/index.php?rest_route=\/wp\/v2\/posts\/5416","targetHints":{"allow":["GET"]}}],"collection":[{"href":"https:\/\/tarimhaber.com\/index.php?rest_route=\/wp\/v2\/posts"}],"about":[{"href":"https:\/\/tarimhaber.com\/index.php?rest_route=\/wp\/v2\/types\/post"}],"author":[{"embeddable":true,"href":"https:\/\/tarimhaber.com\/index.php?rest_route=\/wp\/v2\/users\/1"}],"replies":[{"embeddable":true,"href":"https:\/\/tarimhaber.com\/index.php?rest_route=%2Fwp%2Fv2%2Fcomments&post=5416"}],"version-history":[{"count":0,"href":"https:\/\/tarimhaber.com\/index.php?rest_route=\/wp\/v2\/posts\/5416\/revisions"}],"wp:attachment":[{"href":"https:\/\/tarimhaber.com\/index.php?rest_route=%2Fwp%2Fv2%2Fmedia&parent=5416"}],"wp:term":[{"taxonomy":"category","embeddable":true,"href":"https:\/\/tarimhaber.com\/index.php?rest_route=%2Fwp%2Fv2%2Fcategories&post=5416"},{"taxonomy":"post_tag","embeddable":true,"href":"https:\/\/tarimhaber.com\/index.php?rest_route=%2Fwp%2Fv2%2Ftags&post=5416"}],"curies":[{"name":"wp","href":"https:\/\/api.w.org\/{rel}","templated":true}]}}