{"id":5450,"date":"2016-10-28T00:00:00","date_gmt":"2016-10-27T21:00:00","guid":{"rendered":"http:\/\/tarimhaber.com\/?p=5450"},"modified":"2016-10-28T00:00:00","modified_gmt":"2016-10-27T21:00:00","slug":"avrupali-gencler-akhisar-da-zeytin-topladi","status":"publish","type":"post","link":"https:\/\/tarimhaber.com\/?p=5450","title":{"rendered":"Avrupal\u0131 Gen\u00e7ler Akhisar da Zeytin Toplad\u0131"},"content":{"rendered":"<p>\u2019Hasat Zaman\u0131\u2019 adl\u0131 proje kapsam\u0131nda Akhisar\u2019da zeytin toplayan Avrupal\u0131 gen\u00e7ler Akhisar Belediye Ba\u015fkan\u0131 Salih H\u0131zl\u0131\u2019y\u0131 makam\u0131nda ziyaret etti.<\/p>\n","protected":false},"excerpt":{"rendered":"<p>\u2019Hasat Zaman\u0131\u2019 adl\u0131 proje kapsam\u0131nda Akhisar\u2019da zeytin toplayan Avrupal\u0131 gen\u00e7ler Akhisar Belediye Ba\u015fkan\u0131 Salih H\u0131zl\u0131\u2019y\u0131 makam\u0131nda ziyaret etti.<\/p>\n","protected":false},"author":1,"featured_media":0,"comment_status":"open","ping_status":"open","sticky":false,"template":"","format":"standard","meta":{"footnotes":""},"categories":[2],"tags":[1355],"class_list":["post-5450","post","type-post","status-publish","format-standard","hentry","category-tarimgentr","tag-http-www-haberler-com-avrupali-gencler-akhisar-da-zeytin-topladi-8905475-haberi"],"_links":{"self":[{"href":"https:\/\/tarimhaber.com\/index.php?rest_route=\/wp\/v2\/posts\/5450","targetHints":{"allow":["GET"]}}],"collection":[{"href":"https:\/\/tarimhaber.com\/index.php?rest_route=\/wp\/v2\/posts"}],"about":[{"href":"https:\/\/tarimhaber.com\/index.php?rest_route=\/wp\/v2\/types\/post"}],"author":[{"embeddable":true,"href":"https:\/\/tarimhaber.com\/index.php?rest_route=\/wp\/v2\/users\/1"}],"replies":[{"embeddable":true,"href":"https:\/\/tarimhaber.com\/index.php?rest_route=%2Fwp%2Fv2%2Fcomments&post=5450"}],"version-history":[{"count":0,"href":"https:\/\/tarimhaber.com\/index.php?rest_route=\/wp\/v2\/posts\/5450\/revisions"}],"wp:attachment":[{"href":"https:\/\/tarimhaber.com\/index.php?rest_route=%2Fwp%2Fv2%2Fmedia&parent=5450"}],"wp:term":[{"taxonomy":"category","embeddable":true,"href":"https:\/\/tarimhaber.com\/index.php?rest_route=%2Fwp%2Fv2%2Fcategories&post=5450"},{"taxonomy":"post_tag","embeddable":true,"href":"https:\/\/tarimhaber.com\/index.php?rest_route=%2Fwp%2Fv2%2Ftags&post=5450"}],"curies":[{"name":"wp","href":"https:\/\/api.w.org\/{rel}","templated":true}]}}