{"id":7274,"date":"2020-01-27T00:00:00","date_gmt":"2020-01-26T21:00:00","guid":{"rendered":"http:\/\/tarimhaber.com\/?p=7274"},"modified":"2020-01-27T00:00:00","modified_gmt":"2020-01-26T21:00:00","slug":"elazig-da-depremzede-ureticiye-hayvan-ve-yem-yardimi","status":"publish","type":"post","link":"https:\/\/tarimhaber.com\/?p=7274","title":{"rendered":"Elaz\u0131\u011f da depremzede \u00fcreticiye hayvan ve yem yard\u0131m\u0131"},"content":{"rendered":"<p>Elaz\u0131\u011f \u0130l Tar\u0131m ve Orman M\u00fcd\u00fcr\u00fc Turan Karahan, deprem felaketinin etkiledi\u011fi kentte, zarar g\u00f6ren \u00fcreticilere hayvan ve yem da\u011f\u0131tmaya ba\u015flad\u0131klar\u0131n\u0131 bildirdi. Karahan, \u0130l Tar\u0131m ve Orman M\u00fcd\u00fcrl\u00fc\u011f\u00fcnde gazetecilere yapt\u0131\u011f\u0131 a\u00e7\u0131klamada, deprem sonucu kent genelinde \u00e7ok say\u0131da ah\u0131r\u0131n y\u0131k\u0131ld\u0131\u011f\u0131n\u0131 ve hayvanlar\u0131n telef oldu\u011funu s\u00f6yledi. Cumhurba\u015fkan\u0131 Recep Tayyip Erdo\u011fan nezaretinde ilk dakikadan itibaren kabinenin bir\u00e7ok \u00fcyesinin Elaz\u0131\u011f\u2019a geldi\u011fini an\u0131msatan Karahan, yapt\u0131klar\u0131 \u00e7al\u0131\u015fmalarda \u015fimdiye kadar 59 k\u00f6yde 152 hasarl\u0131 ah\u0131r tespit ettiklerini, bunlardan 48\u2019inin kullan\u0131lamaz halde oldu\u011funu, 86 b\u00fcy\u00fckba\u015f ile 115 k\u00fc\u00e7\u00fckba\u015f hayvan\u0131n da telef oldu\u011funu belirtti.<\/p>\n","protected":false},"excerpt":{"rendered":"<p>Elaz\u0131\u011f \u0130l Tar\u0131m ve Orman M\u00fcd\u00fcr\u00fc Turan Karahan, deprem felaketinin etkiledi\u011fi kentte, zarar g\u00f6ren \u00fcreticilere hayvan ve yem da\u011f\u0131tmaya ba\u015flad\u0131klar\u0131n\u0131 bildirdi. Karahan, \u0130l Tar\u0131m ve Orman M\u00fcd\u00fcrl\u00fc\u011f\u00fcnde gazetecilere yapt\u0131\u011f\u0131 a\u00e7\u0131klamada,&hellip;<\/p>\n","protected":false},"author":1,"featured_media":7275,"comment_status":"open","ping_status":"open","sticky":false,"template":"","format":"standard","meta":{"footnotes":""},"categories":[2],"tags":[3797],"class_list":["post-7274","post","type-post","status-publish","format-standard","has-post-thumbnail","hentry","category-tarimgentr","tag-https-www-haberler-com-elazig-da-depremzede-ureticiye-hayvan-ve-yem-12858991-haberi"],"_links":{"self":[{"href":"https:\/\/tarimhaber.com\/index.php?rest_route=\/wp\/v2\/posts\/7274","targetHints":{"allow":["GET"]}}],"collection":[{"href":"https:\/\/tarimhaber.com\/index.php?rest_route=\/wp\/v2\/posts"}],"about":[{"href":"https:\/\/tarimhaber.com\/index.php?rest_route=\/wp\/v2\/types\/post"}],"author":[{"embeddable":true,"href":"https:\/\/tarimhaber.com\/index.php?rest_route=\/wp\/v2\/users\/1"}],"replies":[{"embeddable":true,"href":"https:\/\/tarimhaber.com\/index.php?rest_route=%2Fwp%2Fv2%2Fcomments&post=7274"}],"version-history":[{"count":0,"href":"https:\/\/tarimhaber.com\/index.php?rest_route=\/wp\/v2\/posts\/7274\/revisions"}],"wp:featuredmedia":[{"embeddable":true,"href":"https:\/\/tarimhaber.com\/index.php?rest_route=\/wp\/v2\/media\/7275"}],"wp:attachment":[{"href":"https:\/\/tarimhaber.com\/index.php?rest_route=%2Fwp%2Fv2%2Fmedia&parent=7274"}],"wp:term":[{"taxonomy":"category","embeddable":true,"href":"https:\/\/tarimhaber.com\/index.php?rest_route=%2Fwp%2Fv2%2Fcategories&post=7274"},{"taxonomy":"post_tag","embeddable":true,"href":"https:\/\/tarimhaber.com\/index.php?rest_route=%2Fwp%2Fv2%2Ftags&post=7274"}],"curies":[{"name":"wp","href":"https:\/\/api.w.org\/{rel}","templated":true}]}}