{"id":806,"date":"2008-07-11T06:39:44","date_gmt":"2008-07-11T06:39:44","guid":{"rendered":"http:\/\/tarimhaber.com\/?p=806"},"modified":"2008-07-11T06:39:44","modified_gmt":"2008-07-11T06:39:44","slug":"ac-insan-sayisi-2007de-50-milyon-artti","status":"publish","type":"post","link":"https:\/\/tarimhaber.com\/?p=806","title":{"rendered":"A\u00e7 insan say\u0131s\u0131 2007\u2018\u2018de 50 milyon artt\u0131"},"content":{"rendered":"<p>Br\u00fcksel\u2018\u2018deki Avrupa Parlamentosu\u2018\u2018nda, ge\u00e7ti\u011fimiz y\u0131l patlayan ve etkileri devam eden g\u0131da krizi konusunda konu\u015fma yapan Birle\u015fmi\u015f Milletler G\u0131da ve Tar\u0131m \u00d6rg\u00fct\u00fc (FAO) Ba\u015fkan\u0131 Jacques Diouf, d\u00fcnyadaki a\u00e7 insan say\u0131s\u0131n\u0131n g\u00fcnden g\u00fcne artt\u0131\u011f\u0131n\u0131 vurgulad\u0131. 2007 y\u0131l\u0131nda  bu rakam\u0131n 50 milyon artt\u0131\u011f\u0131n\u0131 belirten Jacques Diouf, bu durumun y\u00fcksek g\u0131da fiyatlar\u0131n\u0131n sonucu olu\u015ftu\u011funu s\u00f6yledi.<br \/>\nFakir \u00fclkelerin y\u00fcksek g\u0131da ve enerji fiyatlar\u0131 konusunda ciddi etki alt\u0131nda olduklar\u0131n\u0131 dile getiren Jacques Diouf,  bu \u00fclkelerdeki g\u0131da problemleri i\u00e7in yeni ve g\u00fc\u00e7l\u00fc ortaklara ihtiya\u00e7lar\u0131 oldu\u011funu ifade etti. Jacques Diouf, s\u00f6zlerini \u015f\u00f6yle s\u00fcrd\u00fcrd\u00fc: &#8220;Hi\u00e7bir \u00fclke veya kurum bu g\u0131da kriziyle tek ba\u015f\u0131na ba\u015f edemez. Ba\u011f\u0131\u015f yapan \u00fclkeler, uluslararas\u0131 kurulu\u015flar, geli\u015fmekte olan \u00fclkelerin h\u00fck\u00fcmetleri, sivil \u00f6rg\u00fctler ve \u00f6zel sekt\u00f6r k\u00fcresel a\u00e7l\u0131kla m\u00fccadelede \u00f6nemli rol oynuyor.&#8221;<\/p>\n","protected":false},"excerpt":{"rendered":"<p>Br\u00fcksel\u2018\u2018deki Avrupa Parlamentosu\u2018\u2018nda, ge\u00e7ti\u011fimiz y\u0131l patlayan ve etkileri devam eden g\u0131da krizi konusunda konu\u015fma yapan Birle\u015fmi\u015f Milletler G\u0131da ve Tar\u0131m \u00d6rg\u00fct\u00fc (FAO) Ba\u015fkan\u0131 Jacques Diouf, d\u00fcnyadaki a\u00e7 insan say\u0131s\u0131n\u0131n g\u00fcnden&hellip;<\/p>\n","protected":false},"author":1,"featured_media":0,"comment_status":"open","ping_status":"open","sticky":false,"template":"","format":"standard","meta":{"footnotes":""},"categories":[2],"tags":[],"class_list":["post-806","post","type-post","status-publish","format-standard","hentry","category-tarimgentr"],"_links":{"self":[{"href":"https:\/\/tarimhaber.com\/index.php?rest_route=\/wp\/v2\/posts\/806","targetHints":{"allow":["GET"]}}],"collection":[{"href":"https:\/\/tarimhaber.com\/index.php?rest_route=\/wp\/v2\/posts"}],"about":[{"href":"https:\/\/tarimhaber.com\/index.php?rest_route=\/wp\/v2\/types\/post"}],"author":[{"embeddable":true,"href":"https:\/\/tarimhaber.com\/index.php?rest_route=\/wp\/v2\/users\/1"}],"replies":[{"embeddable":true,"href":"https:\/\/tarimhaber.com\/index.php?rest_route=%2Fwp%2Fv2%2Fcomments&post=806"}],"version-history":[{"count":0,"href":"https:\/\/tarimhaber.com\/index.php?rest_route=\/wp\/v2\/posts\/806\/revisions"}],"wp:attachment":[{"href":"https:\/\/tarimhaber.com\/index.php?rest_route=%2Fwp%2Fv2%2Fmedia&parent=806"}],"wp:term":[{"taxonomy":"category","embeddable":true,"href":"https:\/\/tarimhaber.com\/index.php?rest_route=%2Fwp%2Fv2%2Fcategories&post=806"},{"taxonomy":"post_tag","embeddable":true,"href":"https:\/\/tarimhaber.com\/index.php?rest_route=%2Fwp%2Fv2%2Ftags&post=806"}],"curies":[{"name":"wp","href":"https:\/\/api.w.org\/{rel}","templated":true}]}}