{"id":807,"date":"2008-07-11T07:03:53","date_gmt":"2008-07-11T07:03:53","guid":{"rendered":"http:\/\/tarimhaber.com\/?p=807"},"modified":"2008-07-11T07:03:53","modified_gmt":"2008-07-11T07:03:53","slug":"bugdayda-tahlil-oyunu","status":"publish","type":"post","link":"https:\/\/tarimhaber.com\/?p=807","title":{"rendered":"Bu\u011fdayda tahlil oyunu"},"content":{"rendered":"<p>Edirne Ticaret Borsas\u0131 Ba\u015fkan\u0131 Mustafa Yard\u0131mc\u0131\u2018\u2018n\u0131n, b\u00f6lgede hasat edilen bu\u011fdayda s\u00fcne oran\u0131n\u0131n y\u00fcksek oldu\u011fu y\u00f6n\u00fcnde bir a\u00e7\u0131klama yapmas\u0131 ile ba\u015flayan tart\u0131\u015fma b\u00fcy\u00fcd\u00fc. \u0130l Genel Meclisi \u00dcyesi Erdal Akg\u00fcn\u2018\u2018\u00fcn Edirne Ticaret Borsas\u0131 Laboratuvar\u0131\u2018\u2018nda yap\u0131lan tahlillerde s\u00fcne oran\u0131n\u0131n y\u00fcksek \u00e7\u0131kmas\u0131n\u0131n \u00fcreticiye b\u00fcy\u00fck zarar verdi\u011fini a\u00e7\u0131klamas\u0131 tart\u0131\u015fmay\u0131 iyice alevlendirdi.<br \/>\nEdirneli \u00fcreticinin bu\u011fday\u0131nda s\u00fcne oran\u0131n\u0131n y\u00fcksek oldu\u011fu y\u00f6n\u00fcndeki a\u00e7\u0131klamalar laboratuvar tahlillerindeki farkl\u0131 sonu\u00e7lar\u0131n \u00e7\u0131kmas\u0131 kafalar\u0131 iyice kar\u0131\u015ft\u0131rd\u0131. Ticaret Borsas\u0131\u2018\u2018nda al\u0131m yapan t\u00fcccar bu kuruma ait tahlil sonu\u00e7lar\u0131na g\u00f6re seans salonunda fiyat veriyor. \u00dcstelik en yetkili a\u011f\u0131zdan bu y\u00f6nde yap\u0131lan bir a\u00e7\u0131klama, b\u00f6lge \u00fcr\u00fcn\u00fcn\u00fc sat\u0131n almak i\u00e7in borsada i\u015flem yapan sanayicileri de \u00fcrk\u00fctt\u00fc. Borsada fiyatlar d\u00fc\u015ft\u00fc.<br \/>\nEdirne\u2018\u2018nin bu\u011fday\u0131 s\u00fcneli tart\u0131\u015fmas\u0131 \u00e7ift\u00e7inin milyonlarca YTL zarar etmesine yol a\u00e7\u0131nca, Tar\u0131m \u0130l M\u00fcd\u00fcr\u00fc Erdin\u00e7 Yaz\u0131s\u0131 ge\u00e7en g\u00fcnlerde il genel meclisi toplant\u0131s\u0131na elinde iki torba bu\u011fdayla geldi. M\u00fcd\u00fcr Yaz\u0131c\u0131\u2018\u2018n\u0131n elindeki iki torba bu\u011fday\u0131 \u00fcyelere g\u00f6sterdikten sonra aradaki fark g\u00f6zle dahi fark edildi. Torbalardan biri Edirne bu\u011fday\u0131yken, di\u011ferinin ithal edildi\u011fi anla\u015f\u0131ld\u0131.<\/p>\n","protected":false},"excerpt":{"rendered":"<p>Edirne Ticaret Borsas\u0131 Ba\u015fkan\u0131 Mustafa Yard\u0131mc\u0131\u2018\u2018n\u0131n, b\u00f6lgede hasat edilen bu\u011fdayda s\u00fcne oran\u0131n\u0131n y\u00fcksek oldu\u011fu y\u00f6n\u00fcnde bir a\u00e7\u0131klama yapmas\u0131 ile ba\u015flayan tart\u0131\u015fma b\u00fcy\u00fcd\u00fc. \u0130l Genel Meclisi \u00dcyesi Erdal Akg\u00fcn\u2018\u2018\u00fcn Edirne Ticaret&hellip;<\/p>\n","protected":false},"author":1,"featured_media":0,"comment_status":"open","ping_status":"open","sticky":false,"template":"","format":"standard","meta":{"footnotes":""},"categories":[2],"tags":[],"class_list":["post-807","post","type-post","status-publish","format-standard","hentry","category-tarimgentr"],"_links":{"self":[{"href":"https:\/\/tarimhaber.com\/index.php?rest_route=\/wp\/v2\/posts\/807","targetHints":{"allow":["GET"]}}],"collection":[{"href":"https:\/\/tarimhaber.com\/index.php?rest_route=\/wp\/v2\/posts"}],"about":[{"href":"https:\/\/tarimhaber.com\/index.php?rest_route=\/wp\/v2\/types\/post"}],"author":[{"embeddable":true,"href":"https:\/\/tarimhaber.com\/index.php?rest_route=\/wp\/v2\/users\/1"}],"replies":[{"embeddable":true,"href":"https:\/\/tarimhaber.com\/index.php?rest_route=%2Fwp%2Fv2%2Fcomments&post=807"}],"version-history":[{"count":0,"href":"https:\/\/tarimhaber.com\/index.php?rest_route=\/wp\/v2\/posts\/807\/revisions"}],"wp:attachment":[{"href":"https:\/\/tarimhaber.com\/index.php?rest_route=%2Fwp%2Fv2%2Fmedia&parent=807"}],"wp:term":[{"taxonomy":"category","embeddable":true,"href":"https:\/\/tarimhaber.com\/index.php?rest_route=%2Fwp%2Fv2%2Fcategories&post=807"},{"taxonomy":"post_tag","embeddable":true,"href":"https:\/\/tarimhaber.com\/index.php?rest_route=%2Fwp%2Fv2%2Ftags&post=807"}],"curies":[{"name":"wp","href":"https:\/\/api.w.org\/{rel}","templated":true}]}}