{"id":827,"date":"2008-07-21T07:03:34","date_gmt":"2008-07-21T07:03:34","guid":{"rendered":"http:\/\/tarimhaber.com\/?p=827"},"modified":"2008-07-21T07:03:34","modified_gmt":"2008-07-21T07:03:34","slug":"findikta-arz-fazlasi-alinmazsa-karadeniz-coker","status":"publish","type":"post","link":"https:\/\/tarimhaber.com\/?p=827","title":{"rendered":"F\u0131nd\u0131kta arz fazlas\u0131 al\u0131nmazsa Karadeniz \u00e7\u00f6ker"},"content":{"rendered":"<p>T\u00fcrkiye Ziraat Odalar\u0131 Birli\u011fi\u2018\u2018nin (TZOB) &#8220;F\u0131nd\u0131k Raporu\u2018\u2018nda&#8221;, 2008 y\u0131l\u0131 rekoltesinin 728 bin tonu bulaca\u011f\u0131 belirtilerek, arz fazlas\u0131 f\u0131nd\u0131k i\u00e7in mutlaka m\u00fcdahale al\u0131m\u0131 yap\u0131lmas\u0131 gerekti\u011fi, aksi takdirde Karadeniz B\u00f6lgesi\u2018\u2018nde ekonominin \u00e7\u00f6kece\u011fi kaydedildi.<br \/>\nTZOB Genel Ba\u015fkan\u0131 \u015eemsi Bayraktar, Birlik Genel Merkezi\u2018\u2018nde dan d\u00fczenledi\u011fi bas\u0131n toplant\u0131s\u0131nda &#8220;F\u0131nd\u0131k Raporunu&#8221; a\u00e7\u0131klad\u0131.<br \/>\n&#8220;F\u0131nd\u0131k hasad\u0131na \u00e7ok k\u0131sa bir s\u00fcre kala, rekolte ve fiyat polemikleriyle f\u0131nd\u0131k \u00fczerinde ge\u00e7mi\u015f y\u0131llarda oynanan oyunlar tekrarlanmaktad\u0131r&#8221; diyen Bayraktar, f\u0131nd\u0131\u011f\u0131n \u00fclke ekonomisi a\u00e7\u0131s\u0131ndan \u00f6nemini belirtirken, T\u00fcrkiye\u2018\u2018nin d\u00fcnya f\u0131nd\u0131k \u00fcretiminin y\u00fczde 75\u2018\u2018ini, ihracat\u0131n\u0131n y\u00fczde 80\u2018\u2018ini ger\u00e7ekle\u015ftirdi\u011fini, Karadeniz B\u00f6lgesi\u2018\u2018nde 8 milyon insan\u0131n f\u0131nd\u0131k \u00fczerinden ge\u00e7imini sa\u011flad\u0131\u011f\u0131n\u0131 anlatt\u0131.<\/p>\n","protected":false},"excerpt":{"rendered":"<p>T\u00fcrkiye Ziraat Odalar\u0131 Birli\u011fi\u2018\u2018nin (TZOB) &#8220;F\u0131nd\u0131k Raporu\u2018\u2018nda&#8221;, 2008 y\u0131l\u0131 rekoltesinin 728 bin tonu bulaca\u011f\u0131 belirtilerek, arz fazlas\u0131 f\u0131nd\u0131k i\u00e7in mutlaka m\u00fcdahale al\u0131m\u0131 yap\u0131lmas\u0131 gerekti\u011fi, aksi takdirde Karadeniz B\u00f6lgesi\u2018\u2018nde ekonominin \u00e7\u00f6kece\u011fi&hellip;<\/p>\n","protected":false},"author":1,"featured_media":0,"comment_status":"open","ping_status":"open","sticky":false,"template":"","format":"standard","meta":{"footnotes":""},"categories":[2],"tags":[],"class_list":["post-827","post","type-post","status-publish","format-standard","hentry","category-tarimgentr"],"_links":{"self":[{"href":"https:\/\/tarimhaber.com\/index.php?rest_route=\/wp\/v2\/posts\/827","targetHints":{"allow":["GET"]}}],"collection":[{"href":"https:\/\/tarimhaber.com\/index.php?rest_route=\/wp\/v2\/posts"}],"about":[{"href":"https:\/\/tarimhaber.com\/index.php?rest_route=\/wp\/v2\/types\/post"}],"author":[{"embeddable":true,"href":"https:\/\/tarimhaber.com\/index.php?rest_route=\/wp\/v2\/users\/1"}],"replies":[{"embeddable":true,"href":"https:\/\/tarimhaber.com\/index.php?rest_route=%2Fwp%2Fv2%2Fcomments&post=827"}],"version-history":[{"count":0,"href":"https:\/\/tarimhaber.com\/index.php?rest_route=\/wp\/v2\/posts\/827\/revisions"}],"wp:attachment":[{"href":"https:\/\/tarimhaber.com\/index.php?rest_route=%2Fwp%2Fv2%2Fmedia&parent=827"}],"wp:term":[{"taxonomy":"category","embeddable":true,"href":"https:\/\/tarimhaber.com\/index.php?rest_route=%2Fwp%2Fv2%2Fcategories&post=827"},{"taxonomy":"post_tag","embeddable":true,"href":"https:\/\/tarimhaber.com\/index.php?rest_route=%2Fwp%2Fv2%2Ftags&post=827"}],"curies":[{"name":"wp","href":"https:\/\/api.w.org\/{rel}","templated":true}]}}