{"id":828,"date":"2008-07-22T12:53:31","date_gmt":"2008-07-22T12:53:31","guid":{"rendered":"http:\/\/tarimhaber.com\/?p=828"},"modified":"2008-07-22T12:53:31","modified_gmt":"2008-07-22T12:53:31","slug":"gsm-baz-istasyonu-kavgasi-kayisilarimizi-curuttunuz","status":"publish","type":"post","link":"https:\/\/tarimhaber.com\/?p=828","title":{"rendered":"GSM baz istasyonu kavgas\u0131: &#8220;Kay\u0131s\u0131lar\u0131m\u0131z\u0131 \u00e7\u00fcr\u00fctt\u00fcn\u00fcz!.."},"content":{"rendered":"<p>Malatya\u2018da k\u00f6yl\u00fcler kay\u0131s\u0131lar\u0131n\u0131 \u00e7\u00fcr\u00fcteni nihayet bulmu\u015ftu. Bir g\u00fcn yine tarlada \u00e7al\u0131\u015fan k\u00f6yl\u00fcler aniden kazmas\u0131n\u0131 k\u00fcre\u011fini elinden b\u0131rak\u0131p, tepeye do\u011fru hiddetle ko\u015fmaya ba\u015flad\u0131. Hedef az ilerideki tarlaya baz istasyonu kurmaya gelen Vodafone ekibiydi. K\u00f6yl\u00fcler tecr\u00fcbeliydi \u00e7\u00fcnk\u00fc daha \u00f6nce de Turkcell\u2018i buraya sokmam\u0131\u015flard\u0131. Ekibe ilk ula\u015fan k\u00f6yl\u00fcler ba\u011f\u0131rmaya ba\u015flad\u0131: &#8220;Kay\u0131s\u0131lar\u0131m\u0131z\u0131 \u00e7\u00fcr\u00fctt\u00fcn\u00fcz.&#8221; Ve k\u0131zg\u0131nl\u0131k i\u00e7inde Vodafone teknik ekibini hastanelik etti. Baz istasyonundan geriye ise k\u0131r\u0131k d\u00f6k\u00fck par\u00e7alar kald\u0131. K\u00f6yl\u00fcler bununla da yetinmediler. Vodafone y\u00f6netimine bir mektup yazarak, &#8220;sak\u0131n bir daha gelmeyin&#8221; mesaj\u0131n\u0131 ilettiler&#8230;<br \/>\nGe\u00e7ti\u011fimiz g\u00fcnlerde Malatya\u2018n\u0131n bir k\u00f6y\u00fcnde ya\u015fanan bu olay, GSM sekt\u00f6r\u00fcn\u00fcn tek sorununun \u015febeke i\u00e7i-\u015febeke d\u0131\u015f\u0131 konu\u015fma tarifeleri, ara ba\u011flant\u0131 \u00fccretleri veya numara ta\u015f\u0131nabilirli\u011fi olmad\u0131\u011f\u0131n\u0131 g\u00f6sterdi. Hatta bu sorun belki de di\u011ferlerinden daha da vahim boyutlara ula\u015fmaya ba\u015flad\u0131. Art\u0131k vatanda\u015fla sadece g\u00f6revini yapmaya \u00e7al\u0131\u015fan teknik elemanlar kar\u015f\u0131 kar\u015f\u0131ya geliyor. Ne var ki baz istasyonu tart\u0131\u015fmas\u0131 vatanda\u015f-\u015firketler aras\u0131nda cereyan etmiyor. Sekt\u00f6r\u00fcn akt\u00f6rleri aras\u0131nda da bir baz kavgas\u0131 s\u00fcr\u00fcyor.<\/p>\n","protected":false},"excerpt":{"rendered":"<p>Malatya\u2018da k\u00f6yl\u00fcler kay\u0131s\u0131lar\u0131n\u0131 \u00e7\u00fcr\u00fcteni nihayet bulmu\u015ftu. Bir g\u00fcn yine tarlada \u00e7al\u0131\u015fan k\u00f6yl\u00fcler aniden kazmas\u0131n\u0131 k\u00fcre\u011fini elinden b\u0131rak\u0131p, tepeye do\u011fru hiddetle ko\u015fmaya ba\u015flad\u0131. Hedef az ilerideki tarlaya baz istasyonu kurmaya gelen&hellip;<\/p>\n","protected":false},"author":1,"featured_media":0,"comment_status":"open","ping_status":"open","sticky":false,"template":"","format":"standard","meta":{"footnotes":""},"categories":[2],"tags":[],"class_list":["post-828","post","type-post","status-publish","format-standard","hentry","category-tarimgentr"],"_links":{"self":[{"href":"https:\/\/tarimhaber.com\/index.php?rest_route=\/wp\/v2\/posts\/828","targetHints":{"allow":["GET"]}}],"collection":[{"href":"https:\/\/tarimhaber.com\/index.php?rest_route=\/wp\/v2\/posts"}],"about":[{"href":"https:\/\/tarimhaber.com\/index.php?rest_route=\/wp\/v2\/types\/post"}],"author":[{"embeddable":true,"href":"https:\/\/tarimhaber.com\/index.php?rest_route=\/wp\/v2\/users\/1"}],"replies":[{"embeddable":true,"href":"https:\/\/tarimhaber.com\/index.php?rest_route=%2Fwp%2Fv2%2Fcomments&post=828"}],"version-history":[{"count":0,"href":"https:\/\/tarimhaber.com\/index.php?rest_route=\/wp\/v2\/posts\/828\/revisions"}],"wp:attachment":[{"href":"https:\/\/tarimhaber.com\/index.php?rest_route=%2Fwp%2Fv2%2Fmedia&parent=828"}],"wp:term":[{"taxonomy":"category","embeddable":true,"href":"https:\/\/tarimhaber.com\/index.php?rest_route=%2Fwp%2Fv2%2Fcategories&post=828"},{"taxonomy":"post_tag","embeddable":true,"href":"https:\/\/tarimhaber.com\/index.php?rest_route=%2Fwp%2Fv2%2Ftags&post=828"}],"curies":[{"name":"wp","href":"https:\/\/api.w.org\/{rel}","templated":true}]}}