{"id":8297,"date":"2022-01-11T14:22:34","date_gmt":"2022-01-11T14:22:34","guid":{"rendered":"http:\/\/tarimhaber.com\/?p=8297"},"modified":"2022-01-11T14:22:34","modified_gmt":"2022-01-11T14:22:34","slug":"adanada-tarim-arazileri-su-altinda-kaldi","status":"publish","type":"post","link":"https:\/\/tarimhaber.com\/?p=8297","title":{"rendered":"Adana&#8217;da tar\u0131m arazileri su alt\u0131nda kald\u0131"},"content":{"rendered":"<p>ADANA&#8217;da 2 g\u00fcnd\u00fcr etkili olan ya\u011f\u0131\u015f nedeniyle baz\u0131 il\u00e7elerdeki tar\u0131m arazileri su alt\u0131nda kald\u0131.<\/p>\n<p>Kaynak: <a href=\"https:\/\/www.haberler.com\/adana-da-tarim-arazileri-su-altinda-kaldi-14659240-haberi\/\" target=\"_blank\" class=\"feedzy-rss-link-icon\" rel=\"noopener\">Read More<\/a><\/p>","protected":false},"excerpt":{"rendered":"<p>ADANA&#8217;da 2 g\u00fcnd\u00fcr etkili olan ya\u011f\u0131\u015f nedeniyle baz\u0131 il\u00e7elerdeki tar\u0131m arazileri su alt\u0131nda kald\u0131. Kaynak: Read More<\/p>\n","protected":false},"author":0,"featured_media":8298,"comment_status":"open","ping_status":"open","sticky":false,"template":"","format":"standard","meta":{"footnotes":""},"categories":[4200],"tags":[],"class_list":["post-8297","post","type-post","status-publish","format-standard","has-post-thumbnail","hentry","category-guncel-haberler"],"_links":{"self":[{"href":"https:\/\/tarimhaber.com\/index.php?rest_route=\/wp\/v2\/posts\/8297","targetHints":{"allow":["GET"]}}],"collection":[{"href":"https:\/\/tarimhaber.com\/index.php?rest_route=\/wp\/v2\/posts"}],"about":[{"href":"https:\/\/tarimhaber.com\/index.php?rest_route=\/wp\/v2\/types\/post"}],"replies":[{"embeddable":true,"href":"https:\/\/tarimhaber.com\/index.php?rest_route=%2Fwp%2Fv2%2Fcomments&post=8297"}],"version-history":[{"count":0,"href":"https:\/\/tarimhaber.com\/index.php?rest_route=\/wp\/v2\/posts\/8297\/revisions"}],"wp:featuredmedia":[{"embeddable":true,"href":"https:\/\/tarimhaber.com\/index.php?rest_route=\/wp\/v2\/media\/8298"}],"wp:attachment":[{"href":"https:\/\/tarimhaber.com\/index.php?rest_route=%2Fwp%2Fv2%2Fmedia&parent=8297"}],"wp:term":[{"taxonomy":"category","embeddable":true,"href":"https:\/\/tarimhaber.com\/index.php?rest_route=%2Fwp%2Fv2%2Fcategories&post=8297"},{"taxonomy":"post_tag","embeddable":true,"href":"https:\/\/tarimhaber.com\/index.php?rest_route=%2Fwp%2Fv2%2Ftags&post=8297"}],"curies":[{"name":"wp","href":"https:\/\/api.w.org\/{rel}","templated":true}]}}