{"id":8423,"date":"2022-01-12T13:22:48","date_gmt":"2022-01-12T13:22:48","guid":{"rendered":"http:\/\/tarimhaber.com\/?p=8423"},"modified":"2022-01-12T13:22:48","modified_gmt":"2022-01-12T13:22:48","slug":"adanada-saganak-tarim-arazileri-su-altinda-kaldi","status":"publish","type":"post","link":"https:\/\/tarimhaber.com\/?p=8423","title":{"rendered":"Adana&#8217;da sa\u011fanak; tar\u0131m arazileri su alt\u0131nda kald\u0131"},"content":{"rendered":"<p>ADANA&#8217;da 3 g\u00fcnd\u00fcr s\u00fcren sa\u011fanak nedeniyle tarlalar\u0131 su basarken, \u00e7ift\u00e7iler tahliye i\u00e7in yetkililerden yard\u0131m istedi.<\/p>\n<p>Kaynak: <a href=\"https:\/\/www.haberler.com\/adana-da-saganak-tarim-arazileri-su-altinda-kaldi-14661620-haberi\/\" target=\"_blank\" class=\"feedzy-rss-link-icon\" rel=\"noopener\">Read More<\/a><\/p>","protected":false},"excerpt":{"rendered":"<p>ADANA&#8217;da 3 g\u00fcnd\u00fcr s\u00fcren sa\u011fanak nedeniyle tarlalar\u0131 su basarken, \u00e7ift\u00e7iler tahliye i\u00e7in yetkililerden yard\u0131m istedi. Kaynak: Read More<\/p>\n","protected":false},"author":0,"featured_media":8424,"comment_status":"open","ping_status":"open","sticky":false,"template":"","format":"standard","meta":{"footnotes":""},"categories":[4200],"tags":[],"class_list":["post-8423","post","type-post","status-publish","format-standard","has-post-thumbnail","hentry","category-guncel-haberler"],"_links":{"self":[{"href":"https:\/\/tarimhaber.com\/index.php?rest_route=\/wp\/v2\/posts\/8423","targetHints":{"allow":["GET"]}}],"collection":[{"href":"https:\/\/tarimhaber.com\/index.php?rest_route=\/wp\/v2\/posts"}],"about":[{"href":"https:\/\/tarimhaber.com\/index.php?rest_route=\/wp\/v2\/types\/post"}],"replies":[{"embeddable":true,"href":"https:\/\/tarimhaber.com\/index.php?rest_route=%2Fwp%2Fv2%2Fcomments&post=8423"}],"version-history":[{"count":0,"href":"https:\/\/tarimhaber.com\/index.php?rest_route=\/wp\/v2\/posts\/8423\/revisions"}],"wp:featuredmedia":[{"embeddable":true,"href":"https:\/\/tarimhaber.com\/index.php?rest_route=\/wp\/v2\/media\/8424"}],"wp:attachment":[{"href":"https:\/\/tarimhaber.com\/index.php?rest_route=%2Fwp%2Fv2%2Fmedia&parent=8423"}],"wp:term":[{"taxonomy":"category","embeddable":true,"href":"https:\/\/tarimhaber.com\/index.php?rest_route=%2Fwp%2Fv2%2Fcategories&post=8423"},{"taxonomy":"post_tag","embeddable":true,"href":"https:\/\/tarimhaber.com\/index.php?rest_route=%2Fwp%2Fv2%2Ftags&post=8423"}],"curies":[{"name":"wp","href":"https:\/\/api.w.org\/{rel}","templated":true}]}}