{"id":843,"date":"2008-07-31T13:53:07","date_gmt":"2008-07-31T13:53:07","guid":{"rendered":"http:\/\/tarimhaber.com\/?p=843"},"modified":"2008-07-31T13:53:07","modified_gmt":"2008-07-31T13:53:07","slug":"abye-gida-ithalati-konusunda-esneklik-uyarisi","status":"publish","type":"post","link":"https:\/\/tarimhaber.com\/?p=843","title":{"rendered":"AB&#8217;ye g\u0131da ithalat\u0131 konusunda esneklik uyar\u0131s\u0131"},"content":{"rendered":"<p>Avrupa Komisyonu Ticaretten Sorumlu Komiseri Peter Mandelson, AB \u00fclkelerinin uluslararas\u0131 g\u0131da ticaretinde daha esnek davranmas\u0131 gerekti\u011fini s\u00f6yledi.<\/p>\n<p>D\u00fcnya Ticaret \u00d6rg\u00fct\u00fc&#8217;n\u00fcn d\u00fczenledi\u011fi toplant\u0131da konu\u015fan Peter Mandelson, Avrupa Birli\u011fi&#8217;ne \u00fcye \u00fclkeler ile g\u0131da ithalat\u0131 yap\u0131lan \u00fclkeler aras\u0131nda gerginliklerin ba\u015flad\u0131\u011f\u0131n\u0131 belirtti. Sorunlar\u0131n artt\u0131\u011f\u0131na de\u011finen Peter Mandelson, &#8220;Ben ba\u015far\u0131 ve yenilik \u015fanslar\u0131n\u0131n artaca\u011f\u0131na inan\u0131yorum. Fakat bu ba\u015far\u0131lar\u0131n hala ger\u00e7ekle\u015fece\u011fi kesin de\u011fil&#8221; diyerek, AB \u00fclkelerinin daha esnek davranmas\u0131 gerekti\u011fini kaydetti.<\/p>\n","protected":false},"excerpt":{"rendered":"<p>Avrupa Komisyonu Ticaretten Sorumlu Komiseri Peter Mandelson, AB \u00fclkelerinin uluslararas\u0131 g\u0131da ticaretinde daha esnek davranmas\u0131 gerekti\u011fini s\u00f6yledi. D\u00fcnya Ticaret \u00d6rg\u00fct\u00fc&#8217;n\u00fcn d\u00fczenledi\u011fi toplant\u0131da konu\u015fan Peter Mandelson, Avrupa Birli\u011fi&#8217;ne \u00fcye \u00fclkeler ile&hellip;<\/p>\n","protected":false},"author":1,"featured_media":0,"comment_status":"open","ping_status":"open","sticky":false,"template":"","format":"standard","meta":{"footnotes":""},"categories":[2],"tags":[],"class_list":["post-843","post","type-post","status-publish","format-standard","hentry","category-tarimgentr"],"_links":{"self":[{"href":"https:\/\/tarimhaber.com\/index.php?rest_route=\/wp\/v2\/posts\/843","targetHints":{"allow":["GET"]}}],"collection":[{"href":"https:\/\/tarimhaber.com\/index.php?rest_route=\/wp\/v2\/posts"}],"about":[{"href":"https:\/\/tarimhaber.com\/index.php?rest_route=\/wp\/v2\/types\/post"}],"author":[{"embeddable":true,"href":"https:\/\/tarimhaber.com\/index.php?rest_route=\/wp\/v2\/users\/1"}],"replies":[{"embeddable":true,"href":"https:\/\/tarimhaber.com\/index.php?rest_route=%2Fwp%2Fv2%2Fcomments&post=843"}],"version-history":[{"count":0,"href":"https:\/\/tarimhaber.com\/index.php?rest_route=\/wp\/v2\/posts\/843\/revisions"}],"wp:attachment":[{"href":"https:\/\/tarimhaber.com\/index.php?rest_route=%2Fwp%2Fv2%2Fmedia&parent=843"}],"wp:term":[{"taxonomy":"category","embeddable":true,"href":"https:\/\/tarimhaber.com\/index.php?rest_route=%2Fwp%2Fv2%2Fcategories&post=843"},{"taxonomy":"post_tag","embeddable":true,"href":"https:\/\/tarimhaber.com\/index.php?rest_route=%2Fwp%2Fv2%2Ftags&post=843"}],"curies":[{"name":"wp","href":"https:\/\/api.w.org\/{rel}","templated":true}]}}