{"id":8459,"date":"2022-01-12T15:23:10","date_gmt":"2022-01-12T15:23:10","guid":{"rendered":"http:\/\/tarimhaber.com\/?p=8459"},"modified":"2022-01-12T15:23:10","modified_gmt":"2022-01-12T15:23:10","slug":"orduda-koordinasyon-kurulu-toplantisi-yapildi","status":"publish","type":"post","link":"https:\/\/tarimhaber.com\/?p=8459","title":{"rendered":"Ordu&#8217;da koordinasyon kurulu toplant\u0131s\u0131 yap\u0131ld\u0131"},"content":{"rendered":"<p>Ordu Valisi Tuncay Sonel ba\u015fkanl\u0131\u011f\u0131nda, yeni y\u0131l\u0131n ilk \u0130l Koordinasyon Kurulu Toplant\u0131s\u0131 ger\u00e7ekle\u015ftirildi.<\/p>\n<p>Kaynak: <a href=\"https:\/\/www.haberler.com\/ordu-da-koordinasyon-kurulu-toplantisi-yapildi-14661867-haberi\/\" target=\"_blank\" class=\"feedzy-rss-link-icon\" rel=\"noopener\">Read More<\/a><\/p>","protected":false},"excerpt":{"rendered":"<p>Ordu Valisi Tuncay Sonel ba\u015fkanl\u0131\u011f\u0131nda, yeni y\u0131l\u0131n ilk \u0130l Koordinasyon Kurulu Toplant\u0131s\u0131 ger\u00e7ekle\u015ftirildi. Kaynak: Read More<\/p>\n","protected":false},"author":0,"featured_media":8460,"comment_status":"open","ping_status":"open","sticky":false,"template":"","format":"standard","meta":{"footnotes":""},"categories":[4200],"tags":[],"class_list":["post-8459","post","type-post","status-publish","format-standard","has-post-thumbnail","hentry","category-guncel-haberler"],"_links":{"self":[{"href":"https:\/\/tarimhaber.com\/index.php?rest_route=\/wp\/v2\/posts\/8459","targetHints":{"allow":["GET"]}}],"collection":[{"href":"https:\/\/tarimhaber.com\/index.php?rest_route=\/wp\/v2\/posts"}],"about":[{"href":"https:\/\/tarimhaber.com\/index.php?rest_route=\/wp\/v2\/types\/post"}],"replies":[{"embeddable":true,"href":"https:\/\/tarimhaber.com\/index.php?rest_route=%2Fwp%2Fv2%2Fcomments&post=8459"}],"version-history":[{"count":0,"href":"https:\/\/tarimhaber.com\/index.php?rest_route=\/wp\/v2\/posts\/8459\/revisions"}],"wp:featuredmedia":[{"embeddable":true,"href":"https:\/\/tarimhaber.com\/index.php?rest_route=\/wp\/v2\/media\/8460"}],"wp:attachment":[{"href":"https:\/\/tarimhaber.com\/index.php?rest_route=%2Fwp%2Fv2%2Fmedia&parent=8459"}],"wp:term":[{"taxonomy":"category","embeddable":true,"href":"https:\/\/tarimhaber.com\/index.php?rest_route=%2Fwp%2Fv2%2Fcategories&post=8459"},{"taxonomy":"post_tag","embeddable":true,"href":"https:\/\/tarimhaber.com\/index.php?rest_route=%2Fwp%2Fv2%2Ftags&post=8459"}],"curies":[{"name":"wp","href":"https:\/\/api.w.org\/{rel}","templated":true}]}}