{"id":854,"date":"2008-08-15T06:01:48","date_gmt":"2008-08-15T06:01:48","guid":{"rendered":"http:\/\/tarimhaber.com\/?p=854"},"modified":"2008-08-15T06:01:48","modified_gmt":"2008-08-15T06:01:48","slug":"manav-sayisi-yuzde-25-azaldi","status":"publish","type":"post","link":"https:\/\/tarimhaber.com\/?p=854","title":{"rendered":"Manav say\u0131s\u0131 y\u00fczde 25 azald\u0131"},"content":{"rendered":"<p>\u0130stanbul B\u00fcy\u00fck\u015fehir Belediyesi Meyve Sebze Hali&#8217;nde s\u0131k\u0131nt\u0131l\u0131 g\u00fcnler ya\u015fan\u0131yor. Komisyoncular b\u00fcy\u00fck bir \u00e7\u0131kmaz\u0131n i\u00e7ine do\u011fru s\u00fcr\u00fckleniyor. Bunu en iyi a\u00e7\u0131klayan durum ise halden al\u0131\u015fveri\u015f yapan manav say\u0131s\u0131ndaki azalma. \u0130stanbul Manavc\u0131lar Derne\u011fi&#8217;nin 2 y\u0131l \u00f6ncesine kadar 8 bin&#8217;den fazla \u00fcyesi varken \u015fu anda bu say\u0131 6 binin alt\u0131na d\u00fc\u015ft\u00fc. Manavlar\u0131n tek tek kapand\u0131\u011f\u0131n\u0131 ifade eden \u0130stanbul Ya\u015f Sebze-Meyve ve Bostan Komisyoncular\u0131 Derne\u011fi (\u0130SMEYDER) Genel Sekreteri Necdet \u00dcz\u00fcn, &#8220;Olu\u015fturulan haks\u0131z rekabet nedeniyle art\u0131k \u0130stanbul&#8217;da manavalar diren\u00e7 g\u00f6steremiyor. Kay\u0131tl\u0131 manav say\u0131s\u0131nda b\u00fcy\u00fck d\u00fc\u015f\u00fc\u015fler ya\u015fand\u0131&#8221; dedi. \u0130stanbul Manavc\u0131lar Derne\u011fi verilerine g\u00f6re 2006 y\u0131lan kadar derne\u011fe kay\u0131tl\u0131 manav say\u0131s\u0131 8 binin \u00fczerindeyken son 2 y\u0131lda bu rakam y\u00fczde 25 d\u00fc\u015ft\u00fc. T\u00fcrkiye&#8217;de ya\u015fanmas\u0131 muhtemel bir kriz ile manavlar\u0131n kepenk indirmeye devam edece\u011fini vurgulayan \u00dcz\u00fcn, geli\u015fmeleri endi\u015fe ile izlediklerini ifade etti.<\/p>\n","protected":false},"excerpt":{"rendered":"<p>\u0130stanbul B\u00fcy\u00fck\u015fehir Belediyesi Meyve Sebze Hali&#8217;nde s\u0131k\u0131nt\u0131l\u0131 g\u00fcnler ya\u015fan\u0131yor. Komisyoncular b\u00fcy\u00fck bir \u00e7\u0131kmaz\u0131n i\u00e7ine do\u011fru s\u00fcr\u00fckleniyor. Bunu en iyi a\u00e7\u0131klayan durum ise halden al\u0131\u015fveri\u015f yapan manav say\u0131s\u0131ndaki azalma. \u0130stanbul Manavc\u0131lar&hellip;<\/p>\n","protected":false},"author":1,"featured_media":0,"comment_status":"open","ping_status":"open","sticky":false,"template":"","format":"standard","meta":{"footnotes":""},"categories":[2],"tags":[],"class_list":["post-854","post","type-post","status-publish","format-standard","hentry","category-tarimgentr"],"_links":{"self":[{"href":"https:\/\/tarimhaber.com\/index.php?rest_route=\/wp\/v2\/posts\/854","targetHints":{"allow":["GET"]}}],"collection":[{"href":"https:\/\/tarimhaber.com\/index.php?rest_route=\/wp\/v2\/posts"}],"about":[{"href":"https:\/\/tarimhaber.com\/index.php?rest_route=\/wp\/v2\/types\/post"}],"author":[{"embeddable":true,"href":"https:\/\/tarimhaber.com\/index.php?rest_route=\/wp\/v2\/users\/1"}],"replies":[{"embeddable":true,"href":"https:\/\/tarimhaber.com\/index.php?rest_route=%2Fwp%2Fv2%2Fcomments&post=854"}],"version-history":[{"count":0,"href":"https:\/\/tarimhaber.com\/index.php?rest_route=\/wp\/v2\/posts\/854\/revisions"}],"wp:attachment":[{"href":"https:\/\/tarimhaber.com\/index.php?rest_route=%2Fwp%2Fv2%2Fmedia&parent=854"}],"wp:term":[{"taxonomy":"category","embeddable":true,"href":"https:\/\/tarimhaber.com\/index.php?rest_route=%2Fwp%2Fv2%2Fcategories&post=854"},{"taxonomy":"post_tag","embeddable":true,"href":"https:\/\/tarimhaber.com\/index.php?rest_route=%2Fwp%2Fv2%2Ftags&post=854"}],"curies":[{"name":"wp","href":"https:\/\/api.w.org\/{rel}","templated":true}]}}