{"id":855,"date":"2008-08-15T06:03:56","date_gmt":"2008-08-15T06:03:56","guid":{"rendered":"http:\/\/tarimhaber.com\/?p=855"},"modified":"2008-08-15T06:03:56","modified_gmt":"2008-08-15T06:03:56","slug":"traktor-kullaniminda-turkiye-abnin-gerisinde","status":"publish","type":"post","link":"https:\/\/tarimhaber.com\/?p=855","title":{"rendered":"Trakt\u00f6r kullan\u0131m\u0131nda T\u00fcrkiye AB&#8217;nin gerisinde"},"content":{"rendered":"<p>Avrupa Birli\u011fi \u00fclkeleri trakt\u00f6r kullan\u0131m\u0131 bak\u0131m\u0131ndan d\u00fcnyan\u0131n y\u00fczde 20 pay\u0131na sahip. Trakt\u00f6r piyasas\u0131nda Avrupa Birli\u011fi i\u00e7erisinde Almanya ilk s\u0131rada yer al\u0131rken, Avrupa&#8217;daki trakt\u00f6r imalat\u0131n\u0131n b\u00fcy\u00fck bir k\u0131sm\u0131 Avrupa Birli\u011fi \u00fclkelerine g\u00f6nderiliyor. Avrupa&#8217;da trakt\u00f6r imalat\u0131nda \u00f6nemli bir paya sahip olan Almanya&#8217;da, son y\u0131llarda ortalama 170 bin trakt\u00f6r sat\u0131l\u0131yor. Avrupa&#8217;da \u00e7ok aktif bir trakt\u00f6r piyasas\u0131 ve kullan\u0131m\u0131 olmas\u0131na kar\u015f\u0131l\u0131k T\u00fcrkiye&#8217;de trakt\u00f6r kullan\u0131m\u0131 olduk\u00e7a d\u00fc\u015f\u00fck. Avrupa&#8217;da 1000 hektara 75 trakt\u00f6r d\u00fc\u015ferken, T\u00fcrkiye&#8217;de 1000 hektara sadece 20 trakt\u00f6r d\u00fc\u015f\u00fcyor.<\/p>\n","protected":false},"excerpt":{"rendered":"<p>Avrupa Birli\u011fi \u00fclkeleri trakt\u00f6r kullan\u0131m\u0131 bak\u0131m\u0131ndan d\u00fcnyan\u0131n y\u00fczde 20 pay\u0131na sahip. Trakt\u00f6r piyasas\u0131nda Avrupa Birli\u011fi i\u00e7erisinde Almanya ilk s\u0131rada yer al\u0131rken, Avrupa&#8217;daki trakt\u00f6r imalat\u0131n\u0131n b\u00fcy\u00fck bir k\u0131sm\u0131 Avrupa Birli\u011fi \u00fclkelerine&hellip;<\/p>\n","protected":false},"author":1,"featured_media":0,"comment_status":"open","ping_status":"open","sticky":false,"template":"","format":"standard","meta":{"footnotes":""},"categories":[2],"tags":[],"class_list":["post-855","post","type-post","status-publish","format-standard","hentry","category-tarimgentr"],"_links":{"self":[{"href":"https:\/\/tarimhaber.com\/index.php?rest_route=\/wp\/v2\/posts\/855","targetHints":{"allow":["GET"]}}],"collection":[{"href":"https:\/\/tarimhaber.com\/index.php?rest_route=\/wp\/v2\/posts"}],"about":[{"href":"https:\/\/tarimhaber.com\/index.php?rest_route=\/wp\/v2\/types\/post"}],"author":[{"embeddable":true,"href":"https:\/\/tarimhaber.com\/index.php?rest_route=\/wp\/v2\/users\/1"}],"replies":[{"embeddable":true,"href":"https:\/\/tarimhaber.com\/index.php?rest_route=%2Fwp%2Fv2%2Fcomments&post=855"}],"version-history":[{"count":0,"href":"https:\/\/tarimhaber.com\/index.php?rest_route=\/wp\/v2\/posts\/855\/revisions"}],"wp:attachment":[{"href":"https:\/\/tarimhaber.com\/index.php?rest_route=%2Fwp%2Fv2%2Fmedia&parent=855"}],"wp:term":[{"taxonomy":"category","embeddable":true,"href":"https:\/\/tarimhaber.com\/index.php?rest_route=%2Fwp%2Fv2%2Fcategories&post=855"},{"taxonomy":"post_tag","embeddable":true,"href":"https:\/\/tarimhaber.com\/index.php?rest_route=%2Fwp%2Fv2%2Ftags&post=855"}],"curies":[{"name":"wp","href":"https:\/\/api.w.org\/{rel}","templated":true}]}}