{"id":856,"date":"2008-08-15T06:06:22","date_gmt":"2008-08-15T06:06:22","guid":{"rendered":"http:\/\/tarimhaber.com\/?p=856"},"modified":"2008-08-15T06:06:22","modified_gmt":"2008-08-15T06:06:22","slug":"seker-sektorunde-tartismalar-alevlendi","status":"publish","type":"post","link":"https:\/\/tarimhaber.com\/?p=856","title":{"rendered":"\u015eeker sekt\u00f6r\u00fcnde tart\u0131\u015fmalar alevlendi"},"content":{"rendered":"<p>\u00d6zelle\u015ftirme \u0130daresi Ba\u015fkan\u0131 Metin Kilci&#8217;nin \u015feker fabrikalar\u0131n\u0131n \u00f6zelle\u015ftirmesinin bu ay i\u00e7inde ba\u015flat\u0131laca\u011f\u0131 y\u00f6n\u00fcndeki a\u00e7\u0131klamas\u0131 \u015feker sekt\u00f6r\u00fcndeki tart\u0131\u015fmalar\u0131 alevlendirdi. T\u00fcrkiye \u015eeker Fabrikalar\u0131&#8217;na ait toplam 25 fabrikan\u0131n, 6 ayr\u0131 portf\u00f6y grubu olarak \u00f6zelle\u015ftirilmesi planlan\u0131yor. Ancak bu y\u00f6ntem ba\u015fta \u015eeker-\u0130\u015f olmak \u00fczere pek \u00e7ok sekt\u00f6r temsilcisi taraf\u0131nda ele\u015ftiri oklar\u0131na hedef oldu. Amasya \u015eeker Fabrikas\u0131 Ba\u015fkan\u0131 Mahmut Demir, 6 fabrikan\u0131n bir ki\u015finin eline ge\u00e7mesi durumunda sekt\u00f6rde tekelle\u015fme olaca\u011f\u0131na dikkat \u00e7ekerken T\u00fcrkiye Ziraat\u00e7\u0131lar Derne\u011fi Genel Ba\u015fkan\u0131 \u0130brahim Yetkin, \u015feker fabrikalar\u0131n\u0131n \u00f6zelle\u015ftirme s\u00fcrecinin durdurulmas\u0131 gerekti\u011fini savundu. Pancar Ekicileri Kooperatifleri Birli\u011fi (Pankobirlik) Genel Ba\u015fkan\u0131 Recep Konuk ise \u00f6zelle\u015ftirmeyle ilgili s\u00fcrecin net olmad\u0131\u011f\u0131n\u0131 s\u00f6yledi.<\/p>\n","protected":false},"excerpt":{"rendered":"<p>\u00d6zelle\u015ftirme \u0130daresi Ba\u015fkan\u0131 Metin Kilci&#8217;nin \u015feker fabrikalar\u0131n\u0131n \u00f6zelle\u015ftirmesinin bu ay i\u00e7inde ba\u015flat\u0131laca\u011f\u0131 y\u00f6n\u00fcndeki a\u00e7\u0131klamas\u0131 \u015feker sekt\u00f6r\u00fcndeki tart\u0131\u015fmalar\u0131 alevlendirdi. T\u00fcrkiye \u015eeker Fabrikalar\u0131&#8217;na ait toplam 25 fabrikan\u0131n, 6 ayr\u0131 portf\u00f6y grubu olarak&hellip;<\/p>\n","protected":false},"author":1,"featured_media":0,"comment_status":"open","ping_status":"open","sticky":false,"template":"","format":"standard","meta":{"footnotes":""},"categories":[2],"tags":[],"class_list":["post-856","post","type-post","status-publish","format-standard","hentry","category-tarimgentr"],"_links":{"self":[{"href":"https:\/\/tarimhaber.com\/index.php?rest_route=\/wp\/v2\/posts\/856","targetHints":{"allow":["GET"]}}],"collection":[{"href":"https:\/\/tarimhaber.com\/index.php?rest_route=\/wp\/v2\/posts"}],"about":[{"href":"https:\/\/tarimhaber.com\/index.php?rest_route=\/wp\/v2\/types\/post"}],"author":[{"embeddable":true,"href":"https:\/\/tarimhaber.com\/index.php?rest_route=\/wp\/v2\/users\/1"}],"replies":[{"embeddable":true,"href":"https:\/\/tarimhaber.com\/index.php?rest_route=%2Fwp%2Fv2%2Fcomments&post=856"}],"version-history":[{"count":0,"href":"https:\/\/tarimhaber.com\/index.php?rest_route=\/wp\/v2\/posts\/856\/revisions"}],"wp:attachment":[{"href":"https:\/\/tarimhaber.com\/index.php?rest_route=%2Fwp%2Fv2%2Fmedia&parent=856"}],"wp:term":[{"taxonomy":"category","embeddable":true,"href":"https:\/\/tarimhaber.com\/index.php?rest_route=%2Fwp%2Fv2%2Fcategories&post=856"},{"taxonomy":"post_tag","embeddable":true,"href":"https:\/\/tarimhaber.com\/index.php?rest_route=%2Fwp%2Fv2%2Ftags&post=856"}],"curies":[{"name":"wp","href":"https:\/\/api.w.org\/{rel}","templated":true}]}}