{"id":857,"date":"2008-08-15T06:11:20","date_gmt":"2008-08-15T06:11:20","guid":{"rendered":"http:\/\/tarimhaber.com\/?p=857"},"modified":"2008-08-15T06:11:20","modified_gmt":"2008-08-15T06:11:20","slug":"keskin-keskinoglu-tavukculukta-kapasite-azaliyor","status":"publish","type":"post","link":"https:\/\/tarimhaber.com\/?p=857","title":{"rendered":"Keskin Keskino\u011flu: Tavuk\u00e7ulukta kapasite azal\u0131yor"},"content":{"rendered":"<p>\u00dcretimde kapasite fazlal\u0131\u011f\u0131na ra\u011fmen t\u00fcketimde art\u0131\u015f olmad\u0131\u011f\u0131n\u0131 ve bu durumun fiyatlar\u0131n d\u00fc\u015fmesine neden oldu\u011funu s\u00f6yleyen Keskino\u011flu \u015eirketler Grubu Pazarlama Grup Ba\u015fkan\u0131 Keskin Keskino\u011flu, firmalar\u0131n kapasite azaltmaya ba\u015flad\u0131\u011f\u0131n\u0131 ifade etti. Keskino\u011flu, kas\u0131m ay\u0131nda ba\u015flamas\u0131 planlanan karantina uygulamas\u0131 sayesinde ku\u015f gribi vakalar\u0131ndan t\u00fcm \u00fclkenin ihracat\u0131n\u0131n etkilenmeye\u011fini dile getirdi.<br \/>\nKu\u015f gribinin ard\u0131ndan kendini toparlamaya ba\u015flayan tavuk\u00e7uluk sekt\u00f6r\u00fc \u015fimdi de kene kriziyle m\u00fccadele ediyor. Kene korkusu y\u00fcz\u00fcnden mangal keyfinden vazge\u00e7ilmesi tavuk sat\u0131\u015flar\u0131n\u0131 \u00f6nemli oranda d\u00fc\u015f\u00fcrd\u00fc. Bir taraftan y\u00fcksek hammadde fiyatlar\u0131, arz fazlas\u0131 \u00fcretim ve ihracat yap\u0131lamamas\u0131 nedeniyle s\u0131k\u0131nt\u0131da olan sekt\u00f6r\u00fcn haftal\u0131k zarar\u0131 26 milyon YTL&#8217;yi buluyor. Bir \u00e7ok firman\u0131n kapasite azaltma yoluna gitti\u011fini s\u00f6yleyen Keskino\u011flu \u015eirketler Grubu Pazarlama Grup Ba\u015fkan\u0131 Keskin Keskino\u011flu, &#8220;Rakamsal de\u011ferlere bak\u0131nca 2009&#8217;un 4. ve 5. ay\u0131ndan sonra i\u015flerin iyi gidece\u011fini d\u00fc\u015f\u00fcn\u00fcyoruz. T\u00fcketim artmad\u0131\u011f\u0131 ve kapasite fazlal\u0131\u011f\u0131 y\u00fcz\u00fcnden fiyatlar d\u00fc\u015ft\u00fc\u011f\u00fc i\u00e7in herkes kapasite azaltma karar\u0131 ald\u0131&#8221; dedi. \u00d6te yandan sekt\u00f6rde iyi geli\u015fmelerde var. T\u00fcrkiye&#8217;de kas\u0131m ay\u0131nda ba\u015flamas\u0131 planlanan yeni bir uygulama sayesinde art\u0131k ku\u015f gribi ortaya \u00e7\u0131kt\u0131\u011f\u0131nda t\u00fcm \u00fclkenin ihracat\u0131 etkilenmeyecek. &#8220;AB&#8217;de karantina ad\u0131 alt\u0131nda bir tan\u0131mlama var. Bu sisteme ge\u00e7ildikten sonra T\u00fcrkiye&#8217;de Zonguldak&#8217;ta ku\u015f gribi \u00e7\u0131kt\u0131\u011f\u0131nda t\u00fcm \u00fclkenin ihracat\u0131 kapan\u0131yordu. Yeni sistemle her b\u00f6lgenin 200-300 kilometre s\u0131n\u0131r\u0131 olacak&#8221; diyen Keskino\u011flu, b\u00f6ylece sadece o b\u00f6lgede ihracat\u0131n kapanaca\u011f\u0131n\u0131 di\u011fer b\u00f6lgelerin ise etkilenmeyece\u011fini vurgulad\u0131.<\/p>\n","protected":false},"excerpt":{"rendered":"<p>\u00dcretimde kapasite fazlal\u0131\u011f\u0131na ra\u011fmen t\u00fcketimde art\u0131\u015f olmad\u0131\u011f\u0131n\u0131 ve bu durumun fiyatlar\u0131n d\u00fc\u015fmesine neden oldu\u011funu s\u00f6yleyen Keskino\u011flu \u015eirketler Grubu Pazarlama Grup Ba\u015fkan\u0131 Keskin Keskino\u011flu, firmalar\u0131n kapasite azaltmaya ba\u015flad\u0131\u011f\u0131n\u0131 ifade etti. Keskino\u011flu,&hellip;<\/p>\n","protected":false},"author":1,"featured_media":0,"comment_status":"open","ping_status":"open","sticky":false,"template":"","format":"standard","meta":{"footnotes":""},"categories":[2],"tags":[],"class_list":["post-857","post","type-post","status-publish","format-standard","hentry","category-tarimgentr"],"_links":{"self":[{"href":"https:\/\/tarimhaber.com\/index.php?rest_route=\/wp\/v2\/posts\/857","targetHints":{"allow":["GET"]}}],"collection":[{"href":"https:\/\/tarimhaber.com\/index.php?rest_route=\/wp\/v2\/posts"}],"about":[{"href":"https:\/\/tarimhaber.com\/index.php?rest_route=\/wp\/v2\/types\/post"}],"author":[{"embeddable":true,"href":"https:\/\/tarimhaber.com\/index.php?rest_route=\/wp\/v2\/users\/1"}],"replies":[{"embeddable":true,"href":"https:\/\/tarimhaber.com\/index.php?rest_route=%2Fwp%2Fv2%2Fcomments&post=857"}],"version-history":[{"count":0,"href":"https:\/\/tarimhaber.com\/index.php?rest_route=\/wp\/v2\/posts\/857\/revisions"}],"wp:attachment":[{"href":"https:\/\/tarimhaber.com\/index.php?rest_route=%2Fwp%2Fv2%2Fmedia&parent=857"}],"wp:term":[{"taxonomy":"category","embeddable":true,"href":"https:\/\/tarimhaber.com\/index.php?rest_route=%2Fwp%2Fv2%2Fcategories&post=857"},{"taxonomy":"post_tag","embeddable":true,"href":"https:\/\/tarimhaber.com\/index.php?rest_route=%2Fwp%2Fv2%2Ftags&post=857"}],"curies":[{"name":"wp","href":"https:\/\/api.w.org\/{rel}","templated":true}]}}