{"id":871,"date":"2008-08-26T12:41:29","date_gmt":"2008-08-26T12:41:29","guid":{"rendered":"http:\/\/tarimhaber.com\/?p=871"},"modified":"2008-08-26T12:41:29","modified_gmt":"2008-08-26T12:41:29","slug":"ankarada-tarim-fuari","status":"publish","type":"post","link":"https:\/\/tarimhaber.com\/?p=871","title":{"rendered":"Ankara&#8217;da Tar\u0131m Fuar\u0131"},"content":{"rendered":"<p>\u0130nfo Fuarc\u0131l\u0131k taraf\u0131ndan Ankara&#8217;da organize edilen AGROTEC Uluslar Aras\u0131 Tar\u0131m Fuar\u0131 bu y\u0131l 12. defa ziyaret\u00e7ilerine kap\u0131lar\u0131n\u0131 a\u00e7maya haz\u0131rlan\u0131yor.<br \/>\nBa\u015fka Tar\u0131m ve K\u00f6yi\u015fleri Bakanl\u0131\u011f\u0131 ve Ankara&#8217;da faaliyet g\u00f6steren \u00f6nemli tar\u0131msal sivil toplum kurulu\u015flar\u0131 taraf\u0131ndan desteklenen fuar, ge\u00e7ti\u011fimiz iki y\u0131l\u0131n aksine yine \u00f6nceki y\u0131llarda oldu\u011fu gibi Alt\u0131npark ANFA Fuar Merkezi&#8217;nde a\u00e7\u0131lacak. Ba\u015fta \u0130\u00e7 Anadolu b\u00f6lgesi olmak \u00fczere yurdun de\u011fi\u015fik y\u00f6relerinden ziyaret\u00e7ilerin beklendi\u011fi fuara yurti\u00e7i ve yurtd\u0131\u015f\u0131ndan tar\u0131msal alanda faaliyet g\u00f6steren \u00e7ok say\u0131da firman\u0131n kat\u0131lmas\u0131 bekleniyor.<br \/>\nBiz tarim.gen.tr ailesi de yine fuarda olaca\u011f\u0131z. A Blok asma katta yer alacak olan stand\u0131m\u0131za t\u00fcm \u00fcyelerimizi bekliyoruz.<\/p>\n","protected":false},"excerpt":{"rendered":"<p>\u0130nfo Fuarc\u0131l\u0131k taraf\u0131ndan Ankara&#8217;da organize edilen AGROTEC Uluslar Aras\u0131 Tar\u0131m Fuar\u0131 bu y\u0131l 12. defa ziyaret\u00e7ilerine kap\u0131lar\u0131n\u0131 a\u00e7maya haz\u0131rlan\u0131yor. Ba\u015fka Tar\u0131m ve K\u00f6yi\u015fleri Bakanl\u0131\u011f\u0131 ve Ankara&#8217;da faaliyet g\u00f6steren \u00f6nemli tar\u0131msal&hellip;<\/p>\n","protected":false},"author":1,"featured_media":0,"comment_status":"open","ping_status":"open","sticky":false,"template":"","format":"standard","meta":{"footnotes":""},"categories":[2],"tags":[],"class_list":["post-871","post","type-post","status-publish","format-standard","hentry","category-tarimgentr"],"_links":{"self":[{"href":"https:\/\/tarimhaber.com\/index.php?rest_route=\/wp\/v2\/posts\/871","targetHints":{"allow":["GET"]}}],"collection":[{"href":"https:\/\/tarimhaber.com\/index.php?rest_route=\/wp\/v2\/posts"}],"about":[{"href":"https:\/\/tarimhaber.com\/index.php?rest_route=\/wp\/v2\/types\/post"}],"author":[{"embeddable":true,"href":"https:\/\/tarimhaber.com\/index.php?rest_route=\/wp\/v2\/users\/1"}],"replies":[{"embeddable":true,"href":"https:\/\/tarimhaber.com\/index.php?rest_route=%2Fwp%2Fv2%2Fcomments&post=871"}],"version-history":[{"count":0,"href":"https:\/\/tarimhaber.com\/index.php?rest_route=\/wp\/v2\/posts\/871\/revisions"}],"wp:attachment":[{"href":"https:\/\/tarimhaber.com\/index.php?rest_route=%2Fwp%2Fv2%2Fmedia&parent=871"}],"wp:term":[{"taxonomy":"category","embeddable":true,"href":"https:\/\/tarimhaber.com\/index.php?rest_route=%2Fwp%2Fv2%2Fcategories&post=871"},{"taxonomy":"post_tag","embeddable":true,"href":"https:\/\/tarimhaber.com\/index.php?rest_route=%2Fwp%2Fv2%2Ftags&post=871"}],"curies":[{"name":"wp","href":"https:\/\/api.w.org\/{rel}","templated":true}]}}