{"id":873,"date":"2008-09-01T09:05:17","date_gmt":"2008-09-01T09:05:17","guid":{"rendered":"http:\/\/tarimhaber.com\/?p=873"},"modified":"2008-09-01T09:05:17","modified_gmt":"2008-09-01T09:05:17","slug":"balik-sezonu-acildi-balikcinin-yuzu-guldu","status":"publish","type":"post","link":"https:\/\/tarimhaber.com\/?p=873","title":{"rendered":"BALIK SEZONU A\u00c7ILDI, BALIK\u00c7ININ Y\u00dcZ\u00dc G\u00dcLD\u00dc"},"content":{"rendered":"<p>Bal\u0131k av\u0131 sezonunun a\u00e7\u0131lmas\u0131n\u0131n ard\u0131ndan avlad\u0131klar\u0131 bal\u0131klarla d\u00f6nen bal\u0131k\u00e7\u0131lar\u0131n, sezonun bereketli ba\u015flamas\u0131yla y\u00fczleri g\u00fcld\u00fc.<br \/>\nYalova&#8217;n\u0131n \u00c7\u0131narc\u0131k il\u00e7esine avlad\u0131klar\u0131 bal\u0131klarla d\u00f6nen bal\u0131k\u00e7\u0131lar, yo\u011fun ilgiyle kar\u015f\u0131la\u015ft\u0131. Bal\u0131k av\u0131 sezonunun ba\u015flamas\u0131 ile birlikte &#8220;Vira Bismillah&#8221; diyerek denize a\u00e7\u0131lan ve a\u011flar\u0131n\u0131 mavi derinliklere sark\u0131tan bal\u0131k\u00e7\u0131lar\u0131n y\u00fcz\u00fc g\u00fcld\u00fc. Bol miktarda bal\u0131k avlayan bal\u0131k\u00e7\u0131lar, Marmara Denizi&#8217;nde her zamankinden daha bol bal\u0131k oldu\u011funu s\u00f6yledi. \u00d6zellikle istavritin bolca \u00e7\u0131kt\u0131\u011f\u0131n\u0131 dile getiren bal\u0131k\u00e7\u0131lar, avlad\u0131klar\u0131 bal\u0131klarla \u00c7\u0131narc\u0131k Liman\u0131&#8217;na yana\u015ft\u0131. Bal\u0131k\u00e7\u0131lar\u0131n motorlarla geldi\u011fini g\u00f6ren vatanda\u015flar ise taze bal\u0131k alabilmek i\u00e7in limana ak\u0131n etti. Adeta bir birleri ile yar\u0131\u015fan vatanda\u015flar y\u00fczlerce kilo bal\u0131\u011f\u0131 1 saatte t\u00fcketti. 25 y\u0131ll\u0131k bal\u0131k\u00e7\u0131l\u0131k yapt\u0131\u011f\u0131n\u0131 s\u00f6yleyen Nihat Karaca, &#8220;Uzun zamandan beri Marmara Denizi&#8217;nde bu denli bol bal\u0131k \u00e7\u0131kt\u0131\u011f\u0131n\u0131 g\u00f6rmedim. Bu bizi \u00e7ok mutlu etti. \u0130n\u015fallah sezon b\u00f6yle devam eder biz kazan\u00e7l\u0131 bir sezon vatanda\u015fta ucuz bal\u0131k yer&#8221; dedi.<\/p>\n","protected":false},"excerpt":{"rendered":"<p>Bal\u0131k av\u0131 sezonunun a\u00e7\u0131lmas\u0131n\u0131n ard\u0131ndan avlad\u0131klar\u0131 bal\u0131klarla d\u00f6nen bal\u0131k\u00e7\u0131lar\u0131n, sezonun bereketli ba\u015flamas\u0131yla y\u00fczleri g\u00fcld\u00fc. Yalova&#8217;n\u0131n \u00c7\u0131narc\u0131k il\u00e7esine avlad\u0131klar\u0131 bal\u0131klarla d\u00f6nen bal\u0131k\u00e7\u0131lar, yo\u011fun ilgiyle kar\u015f\u0131la\u015ft\u0131. Bal\u0131k av\u0131 sezonunun ba\u015flamas\u0131 ile birlikte&hellip;<\/p>\n","protected":false},"author":1,"featured_media":0,"comment_status":"open","ping_status":"open","sticky":false,"template":"","format":"standard","meta":{"footnotes":""},"categories":[2],"tags":[],"class_list":["post-873","post","type-post","status-publish","format-standard","hentry","category-tarimgentr"],"_links":{"self":[{"href":"https:\/\/tarimhaber.com\/index.php?rest_route=\/wp\/v2\/posts\/873","targetHints":{"allow":["GET"]}}],"collection":[{"href":"https:\/\/tarimhaber.com\/index.php?rest_route=\/wp\/v2\/posts"}],"about":[{"href":"https:\/\/tarimhaber.com\/index.php?rest_route=\/wp\/v2\/types\/post"}],"author":[{"embeddable":true,"href":"https:\/\/tarimhaber.com\/index.php?rest_route=\/wp\/v2\/users\/1"}],"replies":[{"embeddable":true,"href":"https:\/\/tarimhaber.com\/index.php?rest_route=%2Fwp%2Fv2%2Fcomments&post=873"}],"version-history":[{"count":0,"href":"https:\/\/tarimhaber.com\/index.php?rest_route=\/wp\/v2\/posts\/873\/revisions"}],"wp:attachment":[{"href":"https:\/\/tarimhaber.com\/index.php?rest_route=%2Fwp%2Fv2%2Fmedia&parent=873"}],"wp:term":[{"taxonomy":"category","embeddable":true,"href":"https:\/\/tarimhaber.com\/index.php?rest_route=%2Fwp%2Fv2%2Fcategories&post=873"},{"taxonomy":"post_tag","embeddable":true,"href":"https:\/\/tarimhaber.com\/index.php?rest_route=%2Fwp%2Fv2%2Ftags&post=873"}],"curies":[{"name":"wp","href":"https:\/\/api.w.org\/{rel}","templated":true}]}}