{"id":874,"date":"2008-09-01T19:51:41","date_gmt":"2008-09-01T19:51:41","guid":{"rendered":"http:\/\/tarimhaber.com\/?p=874"},"modified":"2008-09-01T19:51:41","modified_gmt":"2008-09-01T19:51:41","slug":"tarimsal-uretim-ikiye-katlandi","status":"publish","type":"post","link":"https:\/\/tarimhaber.com\/?p=874","title":{"rendered":"Tar\u0131msal \u00fcretim ikiye katland\u0131"},"content":{"rendered":"<p>Tar\u0131m ve K\u00f6yi\u015fleri Bakan\u0131 Mehmet Mehdi Eker, 6 y\u0131lda tar\u0131msal \u00fcretimin 22 milyar dolardan 50 milyar dolara \u00e7\u0131kt\u0131\u011f\u0131n\u0131 belirtti. Tar\u0131mda ihracat\u0131n 4 milyar dolardan 10 milyar dolara ula\u015ft\u0131\u011f\u0131n\u0131 kaydeden Eker, &#8220;Eskiden T\u00fcrkiye kulland\u0131\u011f\u0131 m\u0131s\u0131r\u0131n yar\u0131s\u0131n\u0131 ithal ediyordu. \u015eimdi ise ihtiyac\u0131m\u0131z olan m\u0131s\u0131r\u0131n y\u00fczde 90&#8217;\u0131n\u0131 kendimiz \u00fcretiyoruz&#8221; dedi.<br \/>\nBaz\u0131 ziyaretlerde bulunmak \u00fczere d\u00fcn Karaman&#8217;a giden Bakan Eker, Karaman Valisi Fatih \u015eahin&#8217;i makam\u0131nda ziyaret etti. Burada ilin sorunlar\u0131 hakk\u0131nda bilgi alan Eker, Karaman&#8217;\u0131n tar\u0131m potansiyelinin y\u00fcksek oldu\u011funu, b\u00f6lgede bir \u00e7ok \u00e7e\u015fitte \u00fcr\u00fcn yeti\u015ftirildi\u011fini s\u00f6yledi.<\/p>\n","protected":false},"excerpt":{"rendered":"<p>Tar\u0131m ve K\u00f6yi\u015fleri Bakan\u0131 Mehmet Mehdi Eker, 6 y\u0131lda tar\u0131msal \u00fcretimin 22 milyar dolardan 50 milyar dolara \u00e7\u0131kt\u0131\u011f\u0131n\u0131 belirtti. Tar\u0131mda ihracat\u0131n 4 milyar dolardan 10 milyar dolara ula\u015ft\u0131\u011f\u0131n\u0131 kaydeden Eker,&hellip;<\/p>\n","protected":false},"author":1,"featured_media":0,"comment_status":"open","ping_status":"open","sticky":false,"template":"","format":"standard","meta":{"footnotes":""},"categories":[2],"tags":[],"class_list":["post-874","post","type-post","status-publish","format-standard","hentry","category-tarimgentr"],"_links":{"self":[{"href":"https:\/\/tarimhaber.com\/index.php?rest_route=\/wp\/v2\/posts\/874","targetHints":{"allow":["GET"]}}],"collection":[{"href":"https:\/\/tarimhaber.com\/index.php?rest_route=\/wp\/v2\/posts"}],"about":[{"href":"https:\/\/tarimhaber.com\/index.php?rest_route=\/wp\/v2\/types\/post"}],"author":[{"embeddable":true,"href":"https:\/\/tarimhaber.com\/index.php?rest_route=\/wp\/v2\/users\/1"}],"replies":[{"embeddable":true,"href":"https:\/\/tarimhaber.com\/index.php?rest_route=%2Fwp%2Fv2%2Fcomments&post=874"}],"version-history":[{"count":0,"href":"https:\/\/tarimhaber.com\/index.php?rest_route=\/wp\/v2\/posts\/874\/revisions"}],"wp:attachment":[{"href":"https:\/\/tarimhaber.com\/index.php?rest_route=%2Fwp%2Fv2%2Fmedia&parent=874"}],"wp:term":[{"taxonomy":"category","embeddable":true,"href":"https:\/\/tarimhaber.com\/index.php?rest_route=%2Fwp%2Fv2%2Fcategories&post=874"},{"taxonomy":"post_tag","embeddable":true,"href":"https:\/\/tarimhaber.com\/index.php?rest_route=%2Fwp%2Fv2%2Ftags&post=874"}],"curies":[{"name":"wp","href":"https:\/\/api.w.org\/{rel}","templated":true}]}}