{"id":884,"date":"2008-09-04T19:44:25","date_gmt":"2008-09-04T19:44:25","guid":{"rendered":"http:\/\/tarimhaber.com\/?p=884"},"modified":"2008-09-04T19:44:25","modified_gmt":"2008-09-04T19:44:25","slug":"narenciye-ihracati-tehlike-altinda","status":"publish","type":"post","link":"https:\/\/tarimhaber.com\/?p=884","title":{"rendered":"Narenciye ihracat\u0131 tehlike alt\u0131nda"},"content":{"rendered":"<p>Rusya&#8217;n\u0131n T\u00fcrkiye&#8217;den gelen \u00fcr\u00fcnlere kar\u015f\u0131 uygulad\u0131\u011f\u0131 tedbirler narenciye ihracat\u00e7\u0131s\u0131n\u0131 endi\u015felendiriyor. G\u0131da maddelerinde k\u0131sa s\u00fcrede \u00e7\u00f6z\u00fclmesi gereken g\u00fcmr\u00fck i\u015flemlerinin g\u00fcnler s\u00fcr\u00fcyor olmas\u0131, hassas \u00fcr\u00fcn olan meyve-sebze ihracat\u00e7\u0131lar\u0131 i\u00e7in kabusa d\u00f6n\u00fc\u015febilir. Ge\u00e7ti\u011fimiz y\u0131l yakla\u015f\u0131k 267 bin ton narenciye ihra\u00e7 edilen Rusya&#8217;dan toplam 170 milyon dolarl\u0131k bir gelir sa\u011flad\u0131\u011f\u0131n\u0131 ifade eden, Akdeniz Ya\u015f Meyve ve Sebze \u0130hracat\u00e7\u0131lar\u0131 Birli\u011fi (AK\u0130B)Y\u00f6netim Kurulu Ba\u015fkan\u0131 Ali Kavak, Rusya&#8217;n\u0131n ba\u015fta narenciye olmak \u00fczere ya\u015f sebze ve meyve ihracat\u00e7\u0131s\u0131 i\u00e7in \u00f6nemli bir pazar konumunda bulundu\u011funu s\u00f6yledi. Kavak, \u015fu an ortada her hangi bir sorun olmad\u0131\u011f\u0131n\u0131, ya\u015f sebze ve meyve ihracat\u0131 ile ilgili k\u0131s\u0131tlamalar yap\u0131lmad\u0131\u011f\u0131n\u0131 ancak \u00f6n\u00fcm\u00fczdeki hafta ba\u015flayacak olan narenciye ihracat\u0131n\u0131 i\u00e7in endi\u015feli olduklar\u0131n\u0131 belirtti.<\/p>\n","protected":false},"excerpt":{"rendered":"<p>Rusya&#8217;n\u0131n T\u00fcrkiye&#8217;den gelen \u00fcr\u00fcnlere kar\u015f\u0131 uygulad\u0131\u011f\u0131 tedbirler narenciye ihracat\u00e7\u0131s\u0131n\u0131 endi\u015felendiriyor. G\u0131da maddelerinde k\u0131sa s\u00fcrede \u00e7\u00f6z\u00fclmesi gereken g\u00fcmr\u00fck i\u015flemlerinin g\u00fcnler s\u00fcr\u00fcyor olmas\u0131, hassas \u00fcr\u00fcn olan meyve-sebze ihracat\u00e7\u0131lar\u0131 i\u00e7in kabusa d\u00f6n\u00fc\u015febilir. Ge\u00e7ti\u011fimiz&hellip;<\/p>\n","protected":false},"author":1,"featured_media":0,"comment_status":"open","ping_status":"open","sticky":false,"template":"","format":"standard","meta":{"footnotes":""},"categories":[2],"tags":[],"class_list":["post-884","post","type-post","status-publish","format-standard","hentry","category-tarimgentr"],"_links":{"self":[{"href":"https:\/\/tarimhaber.com\/index.php?rest_route=\/wp\/v2\/posts\/884","targetHints":{"allow":["GET"]}}],"collection":[{"href":"https:\/\/tarimhaber.com\/index.php?rest_route=\/wp\/v2\/posts"}],"about":[{"href":"https:\/\/tarimhaber.com\/index.php?rest_route=\/wp\/v2\/types\/post"}],"author":[{"embeddable":true,"href":"https:\/\/tarimhaber.com\/index.php?rest_route=\/wp\/v2\/users\/1"}],"replies":[{"embeddable":true,"href":"https:\/\/tarimhaber.com\/index.php?rest_route=%2Fwp%2Fv2%2Fcomments&post=884"}],"version-history":[{"count":0,"href":"https:\/\/tarimhaber.com\/index.php?rest_route=\/wp\/v2\/posts\/884\/revisions"}],"wp:attachment":[{"href":"https:\/\/tarimhaber.com\/index.php?rest_route=%2Fwp%2Fv2%2Fmedia&parent=884"}],"wp:term":[{"taxonomy":"category","embeddable":true,"href":"https:\/\/tarimhaber.com\/index.php?rest_route=%2Fwp%2Fv2%2Fcategories&post=884"},{"taxonomy":"post_tag","embeddable":true,"href":"https:\/\/tarimhaber.com\/index.php?rest_route=%2Fwp%2Fv2%2Ftags&post=884"}],"curies":[{"name":"wp","href":"https:\/\/api.w.org\/{rel}","templated":true}]}}