{"id":890,"date":"2008-09-08T13:32:25","date_gmt":"2008-09-08T13:32:25","guid":{"rendered":"http:\/\/tarimhaber.com\/?p=890"},"modified":"2008-09-08T13:32:25","modified_gmt":"2008-09-08T13:32:25","slug":"kanatli-sektorunde-buyume-avrupadan-hizli","status":"publish","type":"post","link":"https:\/\/tarimhaber.com\/?p=890","title":{"rendered":"Kanatl\u0131&#8217; sekt\u00f6r\u00fcnde b\u00fcy\u00fcme Avrupa&#8217;dan h\u0131zl\u0131"},"content":{"rendered":"<p>T\u00fcrkiye Ziraat Odalar\u0131 Birli\u011fi (TZOB) Genel Ba\u015fkan\u0131 \u015eemsi Bayraktar, 1990-2006 y\u0131llar\u0131 aras\u0131ndaki 16 y\u0131ll\u0131k d\u00f6nemde kanatl\u0131 eti \u00fcretimindeki b\u00fcy\u00fcmenin d\u00fcnyada y\u00fczde 4,9 olurken, T\u00fcrkiye&#8217;de y\u00fczde 5,8 olarak ger\u00e7ekle\u015fti\u011fini s\u00f6yledi.TZOB Genel Ba\u015fkan\u0131 \u015eemsi Bayraktar, d\u00fczenledi\u011fi bas\u0131n toplant\u0131s\u0131nda, &#8220;T\u00fcrkiye Kanatl\u0131 Sekt\u00f6r Raporu&#8221;nu a\u00e7\u0131klarken, Ramazan ay\u0131n\u0131n ilk haftas\u0131ndaki g\u0131da fiyatlar\u0131 ve ge\u00e7en hafta a\u00e7\u0131klanan f\u0131nd\u0131k al\u0131m fiyatlar\u0131yla ilgili de\u011ferlendirmede bulundu.<br \/>\nTZOB Dan\u0131\u015fma Kurulu \u00fcyeleri ve Birlik uzmanlar\u0131 taraf\u0131ndan d\u00fcnyada ve T\u00fcrkiye&#8217;de kanatl\u0131 sekt\u00f6r\u00fcnde ya\u015fanan geli\u015fmeler dikkate al\u0131narak, &#8220;T\u00fcrkiye Kanatl\u0131 Sekt\u00f6r Raporu&#8221; haz\u0131rlad\u0131klar\u0131n\u0131 ifade eden Bayraktar, raporun haz\u0131rlanmas\u0131nda Tar\u0131m ve K\u00f6yi\u015fleri Bakanl\u0131\u011f\u0131, T\u00fcrkiye \u0130statistik Kurumu, D\u0131\u015f Ticaret M\u00fcste\u015farl\u0131\u011f\u0131 ve \u00fcniversitelerin de aralar\u0131nda bulundu\u011fu baz\u0131 oda ve sivil toplum \u00f6rg\u00fctleri temsilcilerinin g\u00f6r\u00fc\u015flerinin al\u0131nd\u0131\u011f\u0131n\u0131 s\u00f6yledi.<\/p>\n","protected":false},"excerpt":{"rendered":"<p>T\u00fcrkiye Ziraat Odalar\u0131 Birli\u011fi (TZOB) Genel Ba\u015fkan\u0131 \u015eemsi Bayraktar, 1990-2006 y\u0131llar\u0131 aras\u0131ndaki 16 y\u0131ll\u0131k d\u00f6nemde kanatl\u0131 eti \u00fcretimindeki b\u00fcy\u00fcmenin d\u00fcnyada y\u00fczde 4,9 olurken, T\u00fcrkiye&#8217;de y\u00fczde 5,8 olarak ger\u00e7ekle\u015fti\u011fini s\u00f6yledi.TZOB Genel&hellip;<\/p>\n","protected":false},"author":1,"featured_media":0,"comment_status":"open","ping_status":"open","sticky":false,"template":"","format":"standard","meta":{"footnotes":""},"categories":[2],"tags":[],"class_list":["post-890","post","type-post","status-publish","format-standard","hentry","category-tarimgentr"],"_links":{"self":[{"href":"https:\/\/tarimhaber.com\/index.php?rest_route=\/wp\/v2\/posts\/890","targetHints":{"allow":["GET"]}}],"collection":[{"href":"https:\/\/tarimhaber.com\/index.php?rest_route=\/wp\/v2\/posts"}],"about":[{"href":"https:\/\/tarimhaber.com\/index.php?rest_route=\/wp\/v2\/types\/post"}],"author":[{"embeddable":true,"href":"https:\/\/tarimhaber.com\/index.php?rest_route=\/wp\/v2\/users\/1"}],"replies":[{"embeddable":true,"href":"https:\/\/tarimhaber.com\/index.php?rest_route=%2Fwp%2Fv2%2Fcomments&post=890"}],"version-history":[{"count":0,"href":"https:\/\/tarimhaber.com\/index.php?rest_route=\/wp\/v2\/posts\/890\/revisions"}],"wp:attachment":[{"href":"https:\/\/tarimhaber.com\/index.php?rest_route=%2Fwp%2Fv2%2Fmedia&parent=890"}],"wp:term":[{"taxonomy":"category","embeddable":true,"href":"https:\/\/tarimhaber.com\/index.php?rest_route=%2Fwp%2Fv2%2Fcategories&post=890"},{"taxonomy":"post_tag","embeddable":true,"href":"https:\/\/tarimhaber.com\/index.php?rest_route=%2Fwp%2Fv2%2Ftags&post=890"}],"curies":[{"name":"wp","href":"https:\/\/api.w.org\/{rel}","templated":true}]}}