{"id":911,"date":"2008-09-26T20:05:06","date_gmt":"2008-09-26T20:05:06","guid":{"rendered":"http:\/\/tarimhaber.com\/?p=911"},"modified":"2008-09-26T20:05:06","modified_gmt":"2008-09-26T20:05:06","slug":"uretim-patlamasi-bekleyen-zeytinyagci-yeni-pazar-avinda","status":"publish","type":"post","link":"https:\/\/tarimhaber.com\/?p=911","title":{"rendered":"\u00dcretim patlamas\u0131 bekleyen zeytinya\u011fc\u0131 yeni pazar av\u0131nda"},"content":{"rendered":"<p>Zeytinde var y\u0131l\u0131 ya\u015fanacak olmas\u0131 zeytinya\u011f\u0131 ihracat\u00e7\u0131lar\u0131n\u0131 harekete ge\u00e7irdi. \u0130hracat\u00e7\u0131lar arz fazlas\u0131 s\u0131k\u0131nt\u0131s\u0131 ya\u015famamak i\u00e7in Japonya&#8217;dan Rusya&#8217;ya, Brezilya&#8217;ya kadar yurtd\u0131\u015f\u0131 pazarlarda tan\u0131t\u0131m ata\u011f\u0131na ge\u00e7iyor.<\/p>\n<p>T\u00fcrkiye bu y\u0131l zeytinde var y\u0131l\u0131n\u0131 ya\u015fayacak. Tar\u0131m ve K\u00f6yi\u015fleri Bakanl\u0131\u011f\u0131&#8217;n\u0131n te\u015fvi\u011fi ile son 10 y\u0131ld\u0131r zeytin a\u011fac\u0131 say\u0131s\u0131n\u0131 90 milyondan 170 milyona \u00e7\u0131karan T\u00fcrkiye, bir k\u0131sm\u0131 \u00e7ok d\u00fc\u015f\u00fck oranda da olsa 130 milyon a\u011fa\u00e7tan \u00fcr\u00fcn almaya ba\u015flayacak. \u00dcretimde tam verim al\u0131nan a\u011fa\u00e7 say\u0131s\u0131 ise 105 milyon civar\u0131nda. Her y\u0131l 10 milyon a\u011fac\u0131n hasada dahil olaca\u011f\u0131n\u0131 s\u00f6yleyen zeytinya\u011f\u0131 ihracat\u00e7\u0131lar\u0131 ise sekt\u00f6rde arz fazlas\u0131 s\u0131k\u0131nt\u0131s\u0131n\u0131n ya\u015fanmamas\u0131 i\u00e7in \u015fimdiden harekete ge\u00e7ti.<\/p>\n","protected":false},"excerpt":{"rendered":"<p>Zeytinde var y\u0131l\u0131 ya\u015fanacak olmas\u0131 zeytinya\u011f\u0131 ihracat\u00e7\u0131lar\u0131n\u0131 harekete ge\u00e7irdi. \u0130hracat\u00e7\u0131lar arz fazlas\u0131 s\u0131k\u0131nt\u0131s\u0131 ya\u015famamak i\u00e7in Japonya&#8217;dan Rusya&#8217;ya, Brezilya&#8217;ya kadar yurtd\u0131\u015f\u0131 pazarlarda tan\u0131t\u0131m ata\u011f\u0131na ge\u00e7iyor. T\u00fcrkiye bu y\u0131l zeytinde var y\u0131l\u0131n\u0131&hellip;<\/p>\n","protected":false},"author":1,"featured_media":0,"comment_status":"open","ping_status":"open","sticky":false,"template":"","format":"standard","meta":{"footnotes":""},"categories":[2],"tags":[],"class_list":["post-911","post","type-post","status-publish","format-standard","hentry","category-tarimgentr"],"_links":{"self":[{"href":"https:\/\/tarimhaber.com\/index.php?rest_route=\/wp\/v2\/posts\/911","targetHints":{"allow":["GET"]}}],"collection":[{"href":"https:\/\/tarimhaber.com\/index.php?rest_route=\/wp\/v2\/posts"}],"about":[{"href":"https:\/\/tarimhaber.com\/index.php?rest_route=\/wp\/v2\/types\/post"}],"author":[{"embeddable":true,"href":"https:\/\/tarimhaber.com\/index.php?rest_route=\/wp\/v2\/users\/1"}],"replies":[{"embeddable":true,"href":"https:\/\/tarimhaber.com\/index.php?rest_route=%2Fwp%2Fv2%2Fcomments&post=911"}],"version-history":[{"count":0,"href":"https:\/\/tarimhaber.com\/index.php?rest_route=\/wp\/v2\/posts\/911\/revisions"}],"wp:attachment":[{"href":"https:\/\/tarimhaber.com\/index.php?rest_route=%2Fwp%2Fv2%2Fmedia&parent=911"}],"wp:term":[{"taxonomy":"category","embeddable":true,"href":"https:\/\/tarimhaber.com\/index.php?rest_route=%2Fwp%2Fv2%2Fcategories&post=911"},{"taxonomy":"post_tag","embeddable":true,"href":"https:\/\/tarimhaber.com\/index.php?rest_route=%2Fwp%2Fv2%2Ftags&post=911"}],"curies":[{"name":"wp","href":"https:\/\/api.w.org\/{rel}","templated":true}]}}