{"id":914,"date":"2008-10-09T06:21:23","date_gmt":"2008-10-09T06:21:23","guid":{"rendered":"http:\/\/tarimhaber.com\/?p=914"},"modified":"2008-10-09T06:21:23","modified_gmt":"2008-10-09T06:21:23","slug":"tek-bir-zeytin-agaci-odun-olmamasi-icin-calisiyoruz","status":"publish","type":"post","link":"https:\/\/tarimhaber.com\/?p=914","title":{"rendered":"TEK B\u0130R ZEYT\u0130N A\u011eACI ODUN OLMAMASI \u0130\u00c7\u0130N \u00c7ALI\u015eIYORUZ"},"content":{"rendered":"<p>\u00c7ok yak\u0131n zamanda Havran Baraj\u0131 su tutmaya ba\u015flayacak fakat bu su tutmayla birlikte 2 \u015fey sular alt\u0131nda kalacak. 1. si yarasalar, 2. si 10 bin adet zeytin a\u011fac\u0131. 1. si i\u00e7in c\u00f6z\u00fcm bulundu. T\u00fcrkiye de ilk defa bir yapay ma\u011fara olu\u015fturularak yarasalar i\u00e7in yuva olu\u015fturuldu. Fakat zeytinler i\u00e7in herhangi bir\u015fey yap\u0131lmad\u0131. Hepsi en k\u0131sa zamanda bir c\u00f6z\u00fcm bulamazsak sular alt\u0131nda kalacak. Daha do\u011frusu sular gelmeden oduna d\u00f6n\u00fc\u015fecek. Hep birlikte ilgiyi buraya cekmezsek bu a\u011fa\u00e7ar\u0131 kurtaramayaca\u011f\u0131z. Hemen bir kurtarma projesi ad\u0131 alt\u0131nda b\u00f6lgedeki zeytin a\u011fa\u00e7lar\u0131 s\u00f6k\u00fclerek ve g\u00fcvenli bir b\u00f6lgede hendeklenerek kurtulabilir. Bu a\u011fa\u00e7lar daha sonra hem peyzaj cal\u0131\u015fmalar\u0131nda hemde dekarad a\u011fa\u00e7 say\u0131s\u0131 d\u00fc\u015f\u00fck yerlerde s\u0131kla\u015ft\u0131rma olarak kullan\u0131labilir. Bu konu da Tema Vakf\u0131, E\u0130B, ve Bal\u0131kesir Valili\u011fi ile Havran Kaymakaml\u0131\u011f\u0131 DS\u0130 bir an \u00f6nce g\u00fc\u00e7lerini birle\u015ftirirse c\u00f6z\u00fcme daha k\u0131sa zamanda ula\u015f\u0131labilir.Hem de konuya dikkat cekilmi\u015f olur. De\u011ferlendirme s\u0131ras\u0131nda a\u011fa\u00e7lar uygun fiyatla sat\u0131larak yap\u0131lacak masraflarda cok k\u0131sa zamanda geri al\u0131nabilir.<br \/>\nBu baraj b\u00f6lge ac\u0131s\u0131ndan \u00e7ok \u00f6nemli bir baraj olup zaten yeterince ge\u00e7 kalm\u0131\u015ft\u0131r.Yap\u0131lacak \u00e7al\u0131\u015fmalar\u0131n baraj\u0131n \u00e7al\u0131\u015fma seyrine dokunulmadan yeti\u015ftirilmesi cok \u00f6nemlidir.<\/p>\n","protected":false},"excerpt":{"rendered":"<p>\u00c7ok yak\u0131n zamanda Havran Baraj\u0131 su tutmaya ba\u015flayacak fakat bu su tutmayla birlikte 2 \u015fey sular alt\u0131nda kalacak. 1. si yarasalar, 2. si 10 bin adet zeytin a\u011fac\u0131. 1. si&hellip;<\/p>\n","protected":false},"author":1,"featured_media":0,"comment_status":"open","ping_status":"open","sticky":false,"template":"","format":"standard","meta":{"footnotes":""},"categories":[2],"tags":[],"class_list":["post-914","post","type-post","status-publish","format-standard","hentry","category-tarimgentr"],"_links":{"self":[{"href":"https:\/\/tarimhaber.com\/index.php?rest_route=\/wp\/v2\/posts\/914","targetHints":{"allow":["GET"]}}],"collection":[{"href":"https:\/\/tarimhaber.com\/index.php?rest_route=\/wp\/v2\/posts"}],"about":[{"href":"https:\/\/tarimhaber.com\/index.php?rest_route=\/wp\/v2\/types\/post"}],"author":[{"embeddable":true,"href":"https:\/\/tarimhaber.com\/index.php?rest_route=\/wp\/v2\/users\/1"}],"replies":[{"embeddable":true,"href":"https:\/\/tarimhaber.com\/index.php?rest_route=%2Fwp%2Fv2%2Fcomments&post=914"}],"version-history":[{"count":0,"href":"https:\/\/tarimhaber.com\/index.php?rest_route=\/wp\/v2\/posts\/914\/revisions"}],"wp:attachment":[{"href":"https:\/\/tarimhaber.com\/index.php?rest_route=%2Fwp%2Fv2%2Fmedia&parent=914"}],"wp:term":[{"taxonomy":"category","embeddable":true,"href":"https:\/\/tarimhaber.com\/index.php?rest_route=%2Fwp%2Fv2%2Fcategories&post=914"},{"taxonomy":"post_tag","embeddable":true,"href":"https:\/\/tarimhaber.com\/index.php?rest_route=%2Fwp%2Fv2%2Ftags&post=914"}],"curies":[{"name":"wp","href":"https:\/\/api.w.org\/{rel}","templated":true}]}}