{"id":921,"date":"2008-10-23T11:15:03","date_gmt":"2008-10-23T11:15:03","guid":{"rendered":"http:\/\/tarimhaber.com\/?p=921"},"modified":"2008-10-23T11:15:03","modified_gmt":"2008-10-23T11:15:03","slug":"pasaport-uygulamasi-sera-ve-narenciye-uretiminde-basliyor","status":"publish","type":"post","link":"https:\/\/tarimhaber.com\/?p=921","title":{"rendered":"Pasaport uygulamas\u0131 sera ve narenciye \u00fcretiminde ba\u015fl\u0131yor"},"content":{"rendered":"<p>Tar\u0131m ve K\u00f6yi\u015fleri Bakanl\u0131\u011f\u0131 Koruma ve Kontrol Genel M\u00fcd\u00fcrl\u00fc\u011f\u00fc, Rusya Federasyonu&#8217;na ve AB \u00fcyesi \u00fclkelere yap\u0131lan ya\u015f meyve sebze ihracat\u0131nda ya\u015fanan kal\u0131nt\u0131 sorununun \u00e7\u00f6z\u00fcm\u00fcne y\u00f6nelik olarak uygulamaya koydu\u011fu g\u00fcvenilir \u00fcretici ve ihracat\u00e7\u0131 \u00e7al\u0131\u015fmas\u0131n\u0131n esaslar\u0131n\u0131 belirledi. Uygulama esaslar\u0131na g\u00f6re Rusya Federasyonu&#8217;na ya\u015f meyve ve sebze ihra\u00e7 etmek isteyen \u00fcretici veya ihracat\u00e7\u0131lar, \u00f6ncelikle ihracata y\u00f6nelik \u00fcretici belgesi almak i\u00e7in tar\u0131m il ve il\u00e7e m\u00fcd\u00fcrl\u00fcklerine ba\u015fvuracak. Tar\u0131m il ve il\u00e7e m\u00fcd\u00fcrl\u00fcklerince kabul edilen ba\u015fvurular, \u00fcretim \u015fekli, kay\u0131t, izlenebilirlik ve dan\u0131\u015fmanl\u0131k hizmetleri y\u00f6n\u00fcnden de\u011ferlendirilecek. Uygun g\u00f6r\u00fclen \u00fcreticilerin sisteme kayd\u0131 yap\u0131lacak. Bu kapsamda uygulamaya narenciye, \u00fcz\u00fcm ve \u00f6rt\u00fc alt\u0131 \u00fcretimde ba\u015flanacak. \u00d6n\u00fcm\u00fczdeki d\u00f6nemde yeni \u00fcr\u00fcnler de eklenebilecek.<\/p>\n","protected":false},"excerpt":{"rendered":"<p>Tar\u0131m ve K\u00f6yi\u015fleri Bakanl\u0131\u011f\u0131 Koruma ve Kontrol Genel M\u00fcd\u00fcrl\u00fc\u011f\u00fc, Rusya Federasyonu&#8217;na ve AB \u00fcyesi \u00fclkelere yap\u0131lan ya\u015f meyve sebze ihracat\u0131nda ya\u015fanan kal\u0131nt\u0131 sorununun \u00e7\u00f6z\u00fcm\u00fcne y\u00f6nelik olarak uygulamaya koydu\u011fu g\u00fcvenilir \u00fcretici&hellip;<\/p>\n","protected":false},"author":1,"featured_media":0,"comment_status":"open","ping_status":"open","sticky":false,"template":"","format":"standard","meta":{"footnotes":""},"categories":[2],"tags":[],"class_list":["post-921","post","type-post","status-publish","format-standard","hentry","category-tarimgentr"],"_links":{"self":[{"href":"https:\/\/tarimhaber.com\/index.php?rest_route=\/wp\/v2\/posts\/921","targetHints":{"allow":["GET"]}}],"collection":[{"href":"https:\/\/tarimhaber.com\/index.php?rest_route=\/wp\/v2\/posts"}],"about":[{"href":"https:\/\/tarimhaber.com\/index.php?rest_route=\/wp\/v2\/types\/post"}],"author":[{"embeddable":true,"href":"https:\/\/tarimhaber.com\/index.php?rest_route=\/wp\/v2\/users\/1"}],"replies":[{"embeddable":true,"href":"https:\/\/tarimhaber.com\/index.php?rest_route=%2Fwp%2Fv2%2Fcomments&post=921"}],"version-history":[{"count":0,"href":"https:\/\/tarimhaber.com\/index.php?rest_route=\/wp\/v2\/posts\/921\/revisions"}],"wp:attachment":[{"href":"https:\/\/tarimhaber.com\/index.php?rest_route=%2Fwp%2Fv2%2Fmedia&parent=921"}],"wp:term":[{"taxonomy":"category","embeddable":true,"href":"https:\/\/tarimhaber.com\/index.php?rest_route=%2Fwp%2Fv2%2Fcategories&post=921"},{"taxonomy":"post_tag","embeddable":true,"href":"https:\/\/tarimhaber.com\/index.php?rest_route=%2Fwp%2Fv2%2Ftags&post=921"}],"curies":[{"name":"wp","href":"https:\/\/api.w.org\/{rel}","templated":true}]}}