{"id":933,"date":"2008-11-19T04:47:24","date_gmt":"2008-11-19T04:47:24","guid":{"rendered":"http:\/\/tarimhaber.com\/?p=933"},"modified":"2008-11-19T04:47:24","modified_gmt":"2008-11-19T04:47:24","slug":"ziraat-muhendislerinden-tarimda-istihdam-uyarisi","status":"publish","type":"post","link":"https:\/\/tarimhaber.com\/?p=933","title":{"rendered":"Ziraat m\u00fchendislerinden tar\u0131mda istihdam uyar\u0131s\u0131"},"content":{"rendered":"<p>TMMOB Ziraat M\u00fchendisleri Odas\u0131 (ZMO) Ba\u015fkan\u0131 G\u00f6khan G\u00fcnayd\u0131n, &#8220;2002&#8217;de 8 milyon olan tar\u0131m istihdam\u0131n\u0131n, uygulanan yanl\u0131\u015f tar\u0131m politikalar\u0131 nedeniyle 5 milyon 600 bine kadar geriledi\u011fini&#8221; bildirdi.<br \/>\nG\u00fcnayd\u0131n, CHP Mersin il te\u015fkilat\u0131nca d\u00fczenlenen &#8220;Narenciyenin Sorunlar\u0131na CHP&#8217;nin \u00c7\u00f6z\u00fcmleri&#8221; konulu panelde yapt\u0131\u011f\u0131 a\u00e7\u0131klamada, T\u00fcrkiye&#8217;nin tar\u0131m \u00fcr\u00fcnleri ticaretinde 2,5 milyar dolar a\u00e7\u0131k verdi\u011fini ifade etti. G\u00fcnayd\u0131n, &#8220;bu rakam hi\u00e7 de az\u0131msanacak bir rakam de\u011fil. \u00c7\u00fcnk\u00fc bu para k\u00f6yl\u00fcm\u00fcz\u00fcn, \u00e7ift\u00e7imizin ve bizim cebimizden \u00e7\u0131kan para&#8221; dedi.<br \/>\nG\u00fcnayd\u0131n, gelinen noktada T\u00fcrkiye&#8217;de \u00fcretimi m\u00fcmk\u00fcn olan \u00fcr\u00fcnlerin ithalat\u0131nda, yeniden d\u00fczenleme yap\u0131lmas\u0131 gerekti\u011fini vurgulayarak, \u015funlar\u0131 kaydetti: &#8220;\u0130nsan\u0131m\u0131z k\u00f6yde karn\u0131n\u0131 doyuramad\u0131\u011f\u0131 i\u00e7in \u015fehirlere g\u00f6\u00e7\u00fcyor. Buna ba\u011fl\u0131 olarak da \u015fu an \u00f6nemli s\u0131k\u0131nt\u0131lar\u0131m\u0131z aras\u0131nda yer alan ithalat rakamlar\u0131 daha da artacak.&#8221;<\/p>\n","protected":false},"excerpt":{"rendered":"<p>TMMOB Ziraat M\u00fchendisleri Odas\u0131 (ZMO) Ba\u015fkan\u0131 G\u00f6khan G\u00fcnayd\u0131n, &#8220;2002&#8217;de 8 milyon olan tar\u0131m istihdam\u0131n\u0131n, uygulanan yanl\u0131\u015f tar\u0131m politikalar\u0131 nedeniyle 5 milyon 600 bine kadar geriledi\u011fini&#8221; bildirdi. G\u00fcnayd\u0131n, CHP Mersin il&hellip;<\/p>\n","protected":false},"author":1,"featured_media":0,"comment_status":"open","ping_status":"open","sticky":false,"template":"","format":"standard","meta":{"footnotes":""},"categories":[2],"tags":[],"class_list":["post-933","post","type-post","status-publish","format-standard","hentry","category-tarimgentr"],"_links":{"self":[{"href":"https:\/\/tarimhaber.com\/index.php?rest_route=\/wp\/v2\/posts\/933","targetHints":{"allow":["GET"]}}],"collection":[{"href":"https:\/\/tarimhaber.com\/index.php?rest_route=\/wp\/v2\/posts"}],"about":[{"href":"https:\/\/tarimhaber.com\/index.php?rest_route=\/wp\/v2\/types\/post"}],"author":[{"embeddable":true,"href":"https:\/\/tarimhaber.com\/index.php?rest_route=\/wp\/v2\/users\/1"}],"replies":[{"embeddable":true,"href":"https:\/\/tarimhaber.com\/index.php?rest_route=%2Fwp%2Fv2%2Fcomments&post=933"}],"version-history":[{"count":0,"href":"https:\/\/tarimhaber.com\/index.php?rest_route=\/wp\/v2\/posts\/933\/revisions"}],"wp:attachment":[{"href":"https:\/\/tarimhaber.com\/index.php?rest_route=%2Fwp%2Fv2%2Fmedia&parent=933"}],"wp:term":[{"taxonomy":"category","embeddable":true,"href":"https:\/\/tarimhaber.com\/index.php?rest_route=%2Fwp%2Fv2%2Fcategories&post=933"},{"taxonomy":"post_tag","embeddable":true,"href":"https:\/\/tarimhaber.com\/index.php?rest_route=%2Fwp%2Fv2%2Ftags&post=933"}],"curies":[{"name":"wp","href":"https:\/\/api.w.org\/{rel}","templated":true}]}}