{"id":935,"date":"2008-11-21T22:10:20","date_gmt":"2008-11-21T22:10:20","guid":{"rendered":"http:\/\/tarimhaber.com\/?p=935"},"modified":"2008-11-21T22:10:20","modified_gmt":"2008-11-21T22:10:20","slug":"gubre-fiyatlari-ilkbaharda-dusecek","status":"publish","type":"post","link":"https:\/\/tarimhaber.com\/?p=935","title":{"rendered":"G\u00fcbre fiyatlar\u0131 ilkbaharda d\u00fc\u015fecek&#8217;"},"content":{"rendered":"<p>T\u00fcrkiye i\u00e7in krizin f\u0131rsata d\u00f6n\u00fc\u015fece\u011fini savunan Tar\u0131m ve K\u00f6yi\u015fleri Bakan\u0131 M. Mehdi Eker, petrol fiyatlar\u0131 ve g\u00fcbre fiyatlar\u0131ndaki d\u00fc\u015f\u00fc\u015f\u00fc \u00f6rnek g\u00f6sterdi.T\u00fcrkiye&#8217;de bu d\u00fc\u015f\u00fc\u015flerin hen\u00fcz hissedilmedi\u011fini s\u00f6yleyen Eker, &#8220;T\u00fcrkiye&#8217;de de d\u00fc\u015f\u00fcyor. \u0130lkbahar g\u00fcbresinde kendini hissettirecek.&#8221; dedi<\/p>\n","protected":false},"excerpt":{"rendered":"<p>T\u00fcrkiye i\u00e7in krizin f\u0131rsata d\u00f6n\u00fc\u015fece\u011fini savunan Tar\u0131m ve K\u00f6yi\u015fleri Bakan\u0131 M. Mehdi Eker, petrol fiyatlar\u0131 ve g\u00fcbre fiyatlar\u0131ndaki d\u00fc\u015f\u00fc\u015f\u00fc \u00f6rnek g\u00f6sterdi.T\u00fcrkiye&#8217;de bu d\u00fc\u015f\u00fc\u015flerin hen\u00fcz hissedilmedi\u011fini s\u00f6yleyen Eker, &#8220;T\u00fcrkiye&#8217;de de d\u00fc\u015f\u00fcyor.&hellip;<\/p>\n","protected":false},"author":1,"featured_media":0,"comment_status":"open","ping_status":"open","sticky":false,"template":"","format":"standard","meta":{"footnotes":""},"categories":[2],"tags":[],"class_list":["post-935","post","type-post","status-publish","format-standard","hentry","category-tarimgentr"],"_links":{"self":[{"href":"https:\/\/tarimhaber.com\/index.php?rest_route=\/wp\/v2\/posts\/935","targetHints":{"allow":["GET"]}}],"collection":[{"href":"https:\/\/tarimhaber.com\/index.php?rest_route=\/wp\/v2\/posts"}],"about":[{"href":"https:\/\/tarimhaber.com\/index.php?rest_route=\/wp\/v2\/types\/post"}],"author":[{"embeddable":true,"href":"https:\/\/tarimhaber.com\/index.php?rest_route=\/wp\/v2\/users\/1"}],"replies":[{"embeddable":true,"href":"https:\/\/tarimhaber.com\/index.php?rest_route=%2Fwp%2Fv2%2Fcomments&post=935"}],"version-history":[{"count":0,"href":"https:\/\/tarimhaber.com\/index.php?rest_route=\/wp\/v2\/posts\/935\/revisions"}],"wp:attachment":[{"href":"https:\/\/tarimhaber.com\/index.php?rest_route=%2Fwp%2Fv2%2Fmedia&parent=935"}],"wp:term":[{"taxonomy":"category","embeddable":true,"href":"https:\/\/tarimhaber.com\/index.php?rest_route=%2Fwp%2Fv2%2Fcategories&post=935"},{"taxonomy":"post_tag","embeddable":true,"href":"https:\/\/tarimhaber.com\/index.php?rest_route=%2Fwp%2Fv2%2Ftags&post=935"}],"curies":[{"name":"wp","href":"https:\/\/api.w.org\/{rel}","templated":true}]}}