{"id":943,"date":"2008-11-30T18:30:30","date_gmt":"2008-11-30T18:30:30","guid":{"rendered":"http:\/\/tarimhaber.com\/?p=943"},"modified":"2008-11-30T18:30:30","modified_gmt":"2008-11-30T18:30:30","slug":"kurban-kesim-kursu-tamamlandi","status":"publish","type":"post","link":"https:\/\/tarimhaber.com\/?p=943","title":{"rendered":"Kurban Kesim Kursu tamamland\u0131"},"content":{"rendered":"<p>Her y\u0131l oldu\u011fu gibi bu y\u0131lda Ba\u011fc\u0131lar Halk e\u011fitim m\u00fcd\u00fcrl\u00fc\u011f\u00fc ile ortakla\u015fa ger\u00e7ekle\u015ftirdi\u011fimiz &#8220;Kurban kesimcisi kursu&#8221; na 100 civar\u0131nda kursiyer kat\u0131lm\u0131\u015ft\u0131r.<\/p>\n","protected":false},"excerpt":{"rendered":"<p>Her y\u0131l oldu\u011fu gibi bu y\u0131lda Ba\u011fc\u0131lar Halk e\u011fitim m\u00fcd\u00fcrl\u00fc\u011f\u00fc ile ortakla\u015fa ger\u00e7ekle\u015ftirdi\u011fimiz &#8220;Kurban kesimcisi kursu&#8221; na 100 civar\u0131nda kursiyer kat\u0131lm\u0131\u015ft\u0131r.<\/p>\n","protected":false},"author":1,"featured_media":0,"comment_status":"open","ping_status":"open","sticky":false,"template":"","format":"standard","meta":{"footnotes":""},"categories":[2],"tags":[],"class_list":["post-943","post","type-post","status-publish","format-standard","hentry","category-tarimgentr"],"_links":{"self":[{"href":"https:\/\/tarimhaber.com\/index.php?rest_route=\/wp\/v2\/posts\/943","targetHints":{"allow":["GET"]}}],"collection":[{"href":"https:\/\/tarimhaber.com\/index.php?rest_route=\/wp\/v2\/posts"}],"about":[{"href":"https:\/\/tarimhaber.com\/index.php?rest_route=\/wp\/v2\/types\/post"}],"author":[{"embeddable":true,"href":"https:\/\/tarimhaber.com\/index.php?rest_route=\/wp\/v2\/users\/1"}],"replies":[{"embeddable":true,"href":"https:\/\/tarimhaber.com\/index.php?rest_route=%2Fwp%2Fv2%2Fcomments&post=943"}],"version-history":[{"count":0,"href":"https:\/\/tarimhaber.com\/index.php?rest_route=\/wp\/v2\/posts\/943\/revisions"}],"wp:attachment":[{"href":"https:\/\/tarimhaber.com\/index.php?rest_route=%2Fwp%2Fv2%2Fmedia&parent=943"}],"wp:term":[{"taxonomy":"category","embeddable":true,"href":"https:\/\/tarimhaber.com\/index.php?rest_route=%2Fwp%2Fv2%2Fcategories&post=943"},{"taxonomy":"post_tag","embeddable":true,"href":"https:\/\/tarimhaber.com\/index.php?rest_route=%2Fwp%2Fv2%2Ftags&post=943"}],"curies":[{"name":"wp","href":"https:\/\/api.w.org\/{rel}","templated":true}]}}