{"id":954,"date":"2008-12-03T13:15:47","date_gmt":"2008-12-03T13:15:47","guid":{"rendered":"http:\/\/tarimhaber.com\/?p=954"},"modified":"2008-12-03T13:15:47","modified_gmt":"2008-12-03T13:15:47","slug":"ekonomik-onlem-paketinde-tarim-sektoru-olmazsa-gida-krizi-cikar","status":"publish","type":"post","link":"https:\/\/tarimhaber.com\/?p=954","title":{"rendered":"Ekonomik \u00f6nlem paketinde tar\u0131m sekt\u00f6r\u00fc olmazsa, g\u0131da krizi \u00e7\u0131kar"},"content":{"rendered":"<p>T\u00fcrkiye Ziraat Odalar\u0131 Birli\u011fi (TZOB) Genel Ba\u015fkan\u0131 \u015eemsi Bayraktar, krizin ilk ma\u011fdurlar\u0131n\u0131n narenciye ve s\u00fct \u00fcreticileri oldu\u011funu belirterek, narenciyenin dalda kald\u0131\u011f\u0131n\u0131, s\u00fct fiyatlar\u0131n\u0131n da ilk kez \u00fcretimin d\u00fc\u015ft\u00fc\u011f\u00fc Kas\u0131m ay\u0131nda geriledi\u011fini bildirdi.<br \/>\nBayraktar, Kas\u0131m ay\u0131nda tar\u0131m \u00fcr\u00fcnleri fiyatlar\u0131ndaki de\u011fi\u015fmeleri a\u00e7\u0131klamak \u00fczere d\u00fczenledi\u011fi bas\u0131n toplant\u0131s\u0131nda, h\u00fck\u00fcmet taraf\u0131ndan haz\u0131rlanan ekonomik \u00f6nlemler paketi ile ilgili taslakta tar\u0131m sekt\u00f6r\u00fcn\u00fcn olmad\u0131\u011f\u0131na dikkati \u00e7ekerek, &#8220;Biz de reel sekt\u00f6r\u00fcz, \u00fcretim yap\u0131yoruz, istihdam sa\u011fl\u0131yoruz. H\u00fck\u00fcmet bu sekt\u00f6r\u00fc g\u00f6z ard\u0131 edemez. Pakette de tar\u0131m i\u00e7in tedbir yoksa, elbette tepkimizi g\u00f6sterece\u011fiz&#8221; dedi.<br \/>\nG\u0131da krizinin ya\u015fand\u0131\u011f\u0131 d\u00f6nemde g\u00fcndeme gelen tar\u0131m\u0131n k\u00fcresel krizle birlikte ihmal edildi\u011fini, unutuldu\u011funu belirten Bayraktar, &#8220;B\u00f6yle giderse daha b\u00fcy\u00fck bir g\u0131da krizi ile kar\u015f\u0131 kar\u015f\u0131ya kal\u0131r\u0131z. M\u0131s\u0131r, s\u00fct, narenciye, pamuk fiyatlar\u0131 d\u00fc\u015f\u00fcyor. G\u0131da krizi ya\u015fanmamas\u0131 i\u00e7in h\u00fck\u00fcmetin tedbir almas\u0131 laz\u0131m&#8221; diye konu\u015ftu.<br \/>\n\u00dcretici ile t\u00fcketici fiyatlar\u0131 aras\u0131ndaki farka dikkati \u00e7eken Bayraktar, bu fark\u0131n y\u00fczde 400&#8217;lere ula\u015ft\u0131\u011f\u0131na i\u015faret ederek, t\u00fcketicilerin, g\u0131da ter\u00f6r\u00fc \u00f6nlenmeden krize yakaland\u0131\u011f\u0131n\u0131 s\u00f6yledi.<\/p>\n","protected":false},"excerpt":{"rendered":"<p>T\u00fcrkiye Ziraat Odalar\u0131 Birli\u011fi (TZOB) Genel Ba\u015fkan\u0131 \u015eemsi Bayraktar, krizin ilk ma\u011fdurlar\u0131n\u0131n narenciye ve s\u00fct \u00fcreticileri oldu\u011funu belirterek, narenciyenin dalda kald\u0131\u011f\u0131n\u0131, s\u00fct fiyatlar\u0131n\u0131n da ilk kez \u00fcretimin d\u00fc\u015ft\u00fc\u011f\u00fc Kas\u0131m ay\u0131nda&hellip;<\/p>\n","protected":false},"author":1,"featured_media":0,"comment_status":"open","ping_status":"open","sticky":false,"template":"","format":"standard","meta":{"footnotes":""},"categories":[2],"tags":[],"class_list":["post-954","post","type-post","status-publish","format-standard","hentry","category-tarimgentr"],"_links":{"self":[{"href":"https:\/\/tarimhaber.com\/index.php?rest_route=\/wp\/v2\/posts\/954","targetHints":{"allow":["GET"]}}],"collection":[{"href":"https:\/\/tarimhaber.com\/index.php?rest_route=\/wp\/v2\/posts"}],"about":[{"href":"https:\/\/tarimhaber.com\/index.php?rest_route=\/wp\/v2\/types\/post"}],"author":[{"embeddable":true,"href":"https:\/\/tarimhaber.com\/index.php?rest_route=\/wp\/v2\/users\/1"}],"replies":[{"embeddable":true,"href":"https:\/\/tarimhaber.com\/index.php?rest_route=%2Fwp%2Fv2%2Fcomments&post=954"}],"version-history":[{"count":0,"href":"https:\/\/tarimhaber.com\/index.php?rest_route=\/wp\/v2\/posts\/954\/revisions"}],"wp:attachment":[{"href":"https:\/\/tarimhaber.com\/index.php?rest_route=%2Fwp%2Fv2%2Fmedia&parent=954"}],"wp:term":[{"taxonomy":"category","embeddable":true,"href":"https:\/\/tarimhaber.com\/index.php?rest_route=%2Fwp%2Fv2%2Fcategories&post=954"},{"taxonomy":"post_tag","embeddable":true,"href":"https:\/\/tarimhaber.com\/index.php?rest_route=%2Fwp%2Fv2%2Ftags&post=954"}],"curies":[{"name":"wp","href":"https:\/\/api.w.org\/{rel}","templated":true}]}}