{"id":966,"date":"2008-12-19T13:01:27","date_gmt":"2008-12-19T13:01:27","guid":{"rendered":"http:\/\/tarimhaber.com\/?p=966"},"modified":"2008-12-19T13:01:27","modified_gmt":"2008-12-19T13:01:27","slug":"bag-kurlu-olmanin-yolu-balikci-ruhsati","status":"publish","type":"post","link":"https:\/\/tarimhaber.com\/?p=966","title":{"rendered":"Ba\u011f-Kur`lu Olman\u0131n Yolu Bal\u0131k\u00e7\u0131 Ruhsat\u0131"},"content":{"rendered":"<p>Sosyal G\u00fcvenlik Yasa Tasar\u0131s\u0131`ndaki De\u011fi\u015fikli\u011fin Ard\u0131ndan Tar\u0131mla U\u011fra\u015fmad\u0131klar\u0131 \u0130\u00e7in Ba\u011f-kur`lu Olamayanlar Bal\u0131k\u00e7\u0131 Ruhsat\u0131 Alarak Amac\u0131na Ula\u015f\u0131yor.<\/p>\n","protected":false},"excerpt":{"rendered":"<p>Sosyal G\u00fcvenlik Yasa Tasar\u0131s\u0131`ndaki De\u011fi\u015fikli\u011fin Ard\u0131ndan Tar\u0131mla U\u011fra\u015fmad\u0131klar\u0131 \u0130\u00e7in Ba\u011f-kur`lu Olamayanlar Bal\u0131k\u00e7\u0131 Ruhsat\u0131 Alarak Amac\u0131na Ula\u015f\u0131yor.<\/p>\n","protected":false},"author":1,"featured_media":0,"comment_status":"open","ping_status":"open","sticky":false,"template":"","format":"standard","meta":{"footnotes":""},"categories":[2],"tags":[],"class_list":["post-966","post","type-post","status-publish","format-standard","hentry","category-tarimgentr"],"_links":{"self":[{"href":"https:\/\/tarimhaber.com\/index.php?rest_route=\/wp\/v2\/posts\/966","targetHints":{"allow":["GET"]}}],"collection":[{"href":"https:\/\/tarimhaber.com\/index.php?rest_route=\/wp\/v2\/posts"}],"about":[{"href":"https:\/\/tarimhaber.com\/index.php?rest_route=\/wp\/v2\/types\/post"}],"author":[{"embeddable":true,"href":"https:\/\/tarimhaber.com\/index.php?rest_route=\/wp\/v2\/users\/1"}],"replies":[{"embeddable":true,"href":"https:\/\/tarimhaber.com\/index.php?rest_route=%2Fwp%2Fv2%2Fcomments&post=966"}],"version-history":[{"count":0,"href":"https:\/\/tarimhaber.com\/index.php?rest_route=\/wp\/v2\/posts\/966\/revisions"}],"wp:attachment":[{"href":"https:\/\/tarimhaber.com\/index.php?rest_route=%2Fwp%2Fv2%2Fmedia&parent=966"}],"wp:term":[{"taxonomy":"category","embeddable":true,"href":"https:\/\/tarimhaber.com\/index.php?rest_route=%2Fwp%2Fv2%2Fcategories&post=966"},{"taxonomy":"post_tag","embeddable":true,"href":"https:\/\/tarimhaber.com\/index.php?rest_route=%2Fwp%2Fv2%2Ftags&post=966"}],"curies":[{"name":"wp","href":"https:\/\/api.w.org\/{rel}","templated":true}]}}