{"id":971,"date":"2008-12-23T10:04:33","date_gmt":"2008-12-23T10:04:33","guid":{"rendered":"http:\/\/tarimhaber.com\/?p=971"},"modified":"2008-12-23T10:04:33","modified_gmt":"2008-12-23T10:04:33","slug":"egede-yatirimlar-krize-ragmen-hiz-kesmedi","status":"publish","type":"post","link":"https:\/\/tarimhaber.com\/?p=971","title":{"rendered":"Ege&#8217;de yat\u0131r\u0131mlar krize ra\u011fmen h\u0131z kesmedi"},"content":{"rendered":"<p>G\u0131da ve hayvanc\u0131l\u0131k yat\u0131r\u0131mlar\u0131 krize meydan okuyor. Ege B\u00f6lgesi&#8217;nde bir\u00e7ok giri\u015fimci hayvanc\u0131l\u0131k ve s\u00fct \u00fcr\u00fcnlerine y\u00f6nelik tesis kurarken zeytinya\u011f\u0131, serac\u0131l\u0131k yat\u0131r\u0131mlar\u0131 da \u00e7o\u011fal\u0131yor.<\/p>\n<p>Ekonomik krizde bir\u00e7ok sekt\u00f6r \u015fiddetli daralmalar ya\u015farken tar\u0131m ve g\u0131dada yat\u0131r\u0131mlar art\u0131yor. T\u00fcrkiye ekonomisi y\u0131l\u0131n \u00fc\u00e7\u00fcnc\u00fc \u00e7eyre\u011finde y\u00fczde 0,5 b\u00fcy\u00fcrken tar\u0131m sekt\u00f6r\u00fcndeki b\u00fcy\u00fcme oran\u0131 y\u00fczde 2&#8217;nin \u00fcst\u00fcnde oldu. Ege ba\u015fta olmak \u00fczere T\u00fcrkiye&#8217;nin tar\u0131m b\u00f6lgelerinde g\u0131da ve hayvanc\u0131l\u0131k yat\u0131r\u0131mlar\u0131 krize ra\u011fmen devam ediyor.<\/p>\n","protected":false},"excerpt":{"rendered":"<p>G\u0131da ve hayvanc\u0131l\u0131k yat\u0131r\u0131mlar\u0131 krize meydan okuyor. Ege B\u00f6lgesi&#8217;nde bir\u00e7ok giri\u015fimci hayvanc\u0131l\u0131k ve s\u00fct \u00fcr\u00fcnlerine y\u00f6nelik tesis kurarken zeytinya\u011f\u0131, serac\u0131l\u0131k yat\u0131r\u0131mlar\u0131 da \u00e7o\u011fal\u0131yor. Ekonomik krizde bir\u00e7ok sekt\u00f6r \u015fiddetli daralmalar ya\u015farken&hellip;<\/p>\n","protected":false},"author":1,"featured_media":0,"comment_status":"open","ping_status":"open","sticky":false,"template":"","format":"standard","meta":{"footnotes":""},"categories":[2],"tags":[],"class_list":["post-971","post","type-post","status-publish","format-standard","hentry","category-tarimgentr"],"_links":{"self":[{"href":"https:\/\/tarimhaber.com\/index.php?rest_route=\/wp\/v2\/posts\/971","targetHints":{"allow":["GET"]}}],"collection":[{"href":"https:\/\/tarimhaber.com\/index.php?rest_route=\/wp\/v2\/posts"}],"about":[{"href":"https:\/\/tarimhaber.com\/index.php?rest_route=\/wp\/v2\/types\/post"}],"author":[{"embeddable":true,"href":"https:\/\/tarimhaber.com\/index.php?rest_route=\/wp\/v2\/users\/1"}],"replies":[{"embeddable":true,"href":"https:\/\/tarimhaber.com\/index.php?rest_route=%2Fwp%2Fv2%2Fcomments&post=971"}],"version-history":[{"count":0,"href":"https:\/\/tarimhaber.com\/index.php?rest_route=\/wp\/v2\/posts\/971\/revisions"}],"wp:attachment":[{"href":"https:\/\/tarimhaber.com\/index.php?rest_route=%2Fwp%2Fv2%2Fmedia&parent=971"}],"wp:term":[{"taxonomy":"category","embeddable":true,"href":"https:\/\/tarimhaber.com\/index.php?rest_route=%2Fwp%2Fv2%2Fcategories&post=971"},{"taxonomy":"post_tag","embeddable":true,"href":"https:\/\/tarimhaber.com\/index.php?rest_route=%2Fwp%2Fv2%2Ftags&post=971"}],"curies":[{"name":"wp","href":"https:\/\/api.w.org\/{rel}","templated":true}]}}