{"id":986,"date":"2008-12-31T22:59:48","date_gmt":"2008-12-31T22:59:48","guid":{"rendered":"http:\/\/tarimhaber.com\/?p=986"},"modified":"2008-12-31T22:59:48","modified_gmt":"2008-12-31T22:59:48","slug":"taris-iplikle-uzucu-karar-uretime-dur","status":"publish","type":"post","link":"https:\/\/tarimhaber.com\/?p=986","title":{"rendered":"Tari\u015f iplikle \u00fcz\u00fcc\u00fc karar: \u00dcretime dur"},"content":{"rendered":"<p>TAR\u0130\u015e Pamuk Birli\u011fi Ba\u015fkan\u0131 Basri \u00d6z\u00e7oban, \u00c7i\u011fli \u0130plik Fabrikas\u0131nda \u00fcretime ara vereceklerini belirterek, \u201cKara delik diye su\u00e7lanmamak i\u00e7in \u00fcretimi durdurmak zorunday\u0131z\u201d dedi.<\/p>\n<p>\u00d6z\u00e7oban, tekstil sekt\u00f6r\u00fcn\u00fcn global kriz sonras\u0131 durumundan pamuk \u00fcreticisi ve kooperatiflerinin de olumsuz \u015fekilde etkilendi\u011fini dile getirdi.<\/p>\n","protected":false},"excerpt":{"rendered":"<p>TAR\u0130\u015e Pamuk Birli\u011fi Ba\u015fkan\u0131 Basri \u00d6z\u00e7oban, \u00c7i\u011fli \u0130plik Fabrikas\u0131nda \u00fcretime ara vereceklerini belirterek, \u201cKara delik diye su\u00e7lanmamak i\u00e7in \u00fcretimi durdurmak zorunday\u0131z\u201d dedi. \u00d6z\u00e7oban, tekstil sekt\u00f6r\u00fcn\u00fcn global kriz sonras\u0131 durumundan pamuk&hellip;<\/p>\n","protected":false},"author":1,"featured_media":0,"comment_status":"open","ping_status":"open","sticky":false,"template":"","format":"standard","meta":{"footnotes":""},"categories":[2],"tags":[],"class_list":["post-986","post","type-post","status-publish","format-standard","hentry","category-tarimgentr"],"_links":{"self":[{"href":"https:\/\/tarimhaber.com\/index.php?rest_route=\/wp\/v2\/posts\/986","targetHints":{"allow":["GET"]}}],"collection":[{"href":"https:\/\/tarimhaber.com\/index.php?rest_route=\/wp\/v2\/posts"}],"about":[{"href":"https:\/\/tarimhaber.com\/index.php?rest_route=\/wp\/v2\/types\/post"}],"author":[{"embeddable":true,"href":"https:\/\/tarimhaber.com\/index.php?rest_route=\/wp\/v2\/users\/1"}],"replies":[{"embeddable":true,"href":"https:\/\/tarimhaber.com\/index.php?rest_route=%2Fwp%2Fv2%2Fcomments&post=986"}],"version-history":[{"count":0,"href":"https:\/\/tarimhaber.com\/index.php?rest_route=\/wp\/v2\/posts\/986\/revisions"}],"wp:attachment":[{"href":"https:\/\/tarimhaber.com\/index.php?rest_route=%2Fwp%2Fv2%2Fmedia&parent=986"}],"wp:term":[{"taxonomy":"category","embeddable":true,"href":"https:\/\/tarimhaber.com\/index.php?rest_route=%2Fwp%2Fv2%2Fcategories&post=986"},{"taxonomy":"post_tag","embeddable":true,"href":"https:\/\/tarimhaber.com\/index.php?rest_route=%2Fwp%2Fv2%2Ftags&post=986"}],"curies":[{"name":"wp","href":"https:\/\/api.w.org\/{rel}","templated":true}]}}