{"id":989,"date":"2009-01-03T08:09:35","date_gmt":"2009-01-03T08:09:35","guid":{"rendered":"http:\/\/tarimhaber.com\/?p=989"},"modified":"2009-01-03T08:09:35","modified_gmt":"2009-01-03T08:09:35","slug":"bayraktar-fiskobirlikte-yeniden-aday","status":"publish","type":"post","link":"https:\/\/tarimhaber.com\/?p=989","title":{"rendered":"Bayraktar, F\u0130SKOB\u0130RL\u0130K&#8217;te yeniden aday"},"content":{"rendered":"<p>F\u0131nd\u0131k Tar\u0131m Sat\u0131\u015f Kooperatifleri Birli\u011fi (F\u0130SKOB\u0130RL\u0130K) Y\u00f6netim Kurulu Ba\u015fkan\u0131 L\u00fctf\u00fc Bayraktar, 10 Ocak&#8217;ta yap\u0131lacak Ola\u011fan Genel Kurulda yeniden aday olaca\u011f\u0131n\u0131 bildirdi.Bayraktar, F\u0130SKOB\u0130RL\u0130K G\u00f6rele \u015eubesinde gazetecilere yapt\u0131\u011f\u0131 a\u00e7\u0131klamada, \u00fcreticinin TMO&#8217;nun f\u0131nd\u0131k almas\u0131ndan memnun olmad\u0131\u011f\u0131n\u0131 ve bu konunun sorgulanmas\u0131 gerekti\u011fini ifade ederek, &#8220;Sorgulama yap\u0131l\u0131rken sadece sezonda yap\u0131lmamas\u0131 laz\u0131m. F\u0130SKOB\u0130RL\u0130K olarak biz \u00fczerimize d\u00fc\u015fen g\u00f6revi yerine getiririz. Yeter ki f\u0131nd\u0131k sorununa k\u00f6kl\u00fc bir \u00e7\u00f6z\u00fcm bulal\u0131m. \u00c7\u00fcnk\u00fc bug\u00fcn f\u0131nd\u0131kta bir sistem s\u0131k\u0131nt\u0131s\u0131 var. F\u0131nd\u0131kta ya\u015fanan bu sorunlar\u0131 a\u015fmam\u0131z i\u00e7in uzun vadeli \u00e7\u00f6z\u00fcm \u00f6nerileri bulmak gerekir. \u00c7\u00fcnk\u00fc her ge\u00e7en g\u00fcn sorun b\u00fcy\u00fcyor. F\u0131nd\u0131k, T\u00fcrkiye i\u00e7in \u00f6nemli bir \u00fcr\u00fcn, insanlar bundan ge\u00e7iniyor&#8221; diye konu\u015ftu.<\/p>\n","protected":false},"excerpt":{"rendered":"<p>F\u0131nd\u0131k Tar\u0131m Sat\u0131\u015f Kooperatifleri Birli\u011fi (F\u0130SKOB\u0130RL\u0130K) Y\u00f6netim Kurulu Ba\u015fkan\u0131 L\u00fctf\u00fc Bayraktar, 10 Ocak&#8217;ta yap\u0131lacak Ola\u011fan Genel Kurulda yeniden aday olaca\u011f\u0131n\u0131 bildirdi.Bayraktar, F\u0130SKOB\u0130RL\u0130K G\u00f6rele \u015eubesinde gazetecilere yapt\u0131\u011f\u0131 a\u00e7\u0131klamada, \u00fcreticinin TMO&#8217;nun f\u0131nd\u0131k&hellip;<\/p>\n","protected":false},"author":1,"featured_media":0,"comment_status":"open","ping_status":"open","sticky":false,"template":"","format":"standard","meta":{"footnotes":""},"categories":[2],"tags":[],"class_list":["post-989","post","type-post","status-publish","format-standard","hentry","category-tarimgentr"],"_links":{"self":[{"href":"https:\/\/tarimhaber.com\/index.php?rest_route=\/wp\/v2\/posts\/989","targetHints":{"allow":["GET"]}}],"collection":[{"href":"https:\/\/tarimhaber.com\/index.php?rest_route=\/wp\/v2\/posts"}],"about":[{"href":"https:\/\/tarimhaber.com\/index.php?rest_route=\/wp\/v2\/types\/post"}],"author":[{"embeddable":true,"href":"https:\/\/tarimhaber.com\/index.php?rest_route=\/wp\/v2\/users\/1"}],"replies":[{"embeddable":true,"href":"https:\/\/tarimhaber.com\/index.php?rest_route=%2Fwp%2Fv2%2Fcomments&post=989"}],"version-history":[{"count":0,"href":"https:\/\/tarimhaber.com\/index.php?rest_route=\/wp\/v2\/posts\/989\/revisions"}],"wp:attachment":[{"href":"https:\/\/tarimhaber.com\/index.php?rest_route=%2Fwp%2Fv2%2Fmedia&parent=989"}],"wp:term":[{"taxonomy":"category","embeddable":true,"href":"https:\/\/tarimhaber.com\/index.php?rest_route=%2Fwp%2Fv2%2Fcategories&post=989"},{"taxonomy":"post_tag","embeddable":true,"href":"https:\/\/tarimhaber.com\/index.php?rest_route=%2Fwp%2Fv2%2Ftags&post=989"}],"curies":[{"name":"wp","href":"https:\/\/api.w.org\/{rel}","templated":true}]}}